{"id":161648,"date":"2021-04-27T06:00:00","date_gmt":"2021-04-27T11:00:00","guid":{"rendered":"https:\/\/plazajuarez.mx\/?p=161648"},"modified":"2021-04-26T23:21:42","modified_gmt":"2021-04-27T04:21:42","slug":"laguna-de-voces-722","status":"publish","type":"post","link":"https:\/\/plazajuarez.mx\/historico\/laguna-de-voces-722\/","title":{"rendered":"LAGUNA DE VOCES"},"content":{"rendered":"\n<h2 class=\"wp-block-heading\">Volver a ver la lluvia<\/h2>\n\n\n\n<p>El que llueva hace que la esperanza renazca, nutra los jardines que miramos en la infancia, proteja la versi\u00f3n que ten\u00edamos de la existencia humana y por lo menos intente hacerla ajena a la tristeza que como adultos generalmente tenemos porque hemos vivido, y por lo tanto perdimos los ojos buenos con que pod\u00edamos esperar muchas cosas del paso por la vida. Algo tiene la lluvia que aunque sea por minutos nos devuelve la confianza en que despu\u00e9s de todo, ha valido la pena caminar por los prados donde renace la certeza de que tuvimos una raz\u00f3n central para mirar con paciencia el milagro constante de la fe.<\/p>\n\n\n\n<p>Me gusta pensar que lava los campos, la pena que por largas temporadas nos agarra del cuello sin saber si habr\u00e1 tiempo para recuperar el paisaje en que siempre existe la posibilidad de volver a empezar, devolver al mundo lo que nos otorg\u00f3 cuando ni\u00f1os y despu\u00e9s perdimos pareciera que de manera irremediable. La lluvia es buena en esos tiempos en que asumimos que despu\u00e9s de todo no \u00e9ramos ning\u00fan milagro, ninguna estaci\u00f3n eterna donde solo estrellas, solo lunas blancas alumbrar\u00edan el camino.<\/p>\n\n\n\n<p>Algo tenemos que ser, de eso no hay duda, pero son tantas las veces que entendemos lo contrario, que tendr\u00e1n que ser las lluvias de cada a\u00f1o, pocas veces puntuales, las que logren lavar el rostro, los ojos, las manos, la memoria empeque\u00f1ecida porque olvid\u00f3 el instante \u00fanico en que nos fue concedida la eternidad.<\/p>\n\n\n\n<p>Casi de frente a medio a\u00f1o esfumado entre el miedo y la acechanza de la tragedia, al que se suma un 2020 que simplemente no existi\u00f3, como no fuera para prepararnos a lo peor, a la certeza de que nadie escapa del horror de la desesperanza, de la nostalgia por lo que se ha perdido en medio de la calle cuando nos quedamos con ojos de espanto, ante los cortejos f\u00fanebres que por miles y miles han caminado silenciosos y ausentes por todo el pa\u00eds.<\/p>\n\n\n\n<p>Algo por eso tiene la lluvia que puede devolver la esperanza y nos dice que de alguna manera la fe ser\u00e1 la \u00fanica posibilidad para salvar el recuerdo, la voz siempre amorosa de los que hoy padecen y defienden su esperanza que es la nuestra, y sin la que a lo mejor el camino quedar\u00eda cerrado para siempre.<\/p>\n\n\n\n<p>Por esa raz\u00f3n es preciso que llueva cuando hace falta, para que los campos crezcan o salven lo que se pueda despu\u00e9s de tanto sol que agota las plantas, que las ahoga como es la constante en estos d\u00edas.<\/p>\n\n\n\n<p>Lo \u00fanico que sabemos a ciencia cierta es que nunca como ahora es tan preciso traer de regreso los ojos con que de ni\u00f1os mir\u00e1bamos caer la lluvia, mirar como escurr\u00eda de las azoteas, distinguir el camino de los r\u00edos de a mentiras que a veces llevaban barcos de papel a los que distingu\u00edamos con nombres \u00fanicos, de grandes embarcaciones que navegar\u00edan hasta destinos infinitos.<\/p>\n\n\n\n<p>Alg\u00fan d\u00eda nos tocar\u00e1 ir por esos destinos insondables, plenos de la magia que agotamos con tantas tristezas. Pero hoy no. Hoy apenas el tiempo para evocar la fe en la vida, en la vocaci\u00f3n por creer que es prudente creer, y me refiero a la vida, la que a tantos y tantos se les escap\u00f3 en un encierro de hospital.<\/p>\n\n\n\n<p>Por ellos, los que luchan d\u00eda a d\u00eda para volver a ver los campos en lluvias como las de estos d\u00edas, es que uno desea con tanta ansiedad que cada d\u00eda nos permita saber que nuestros seres queridos est\u00e1n bien, reconocen el camino para regresar y saludarnos al otro lado de la l\u00ednea telef\u00f3nica, con la voz esperanzada de quien ha visto de nuevo caer la lluvia en la calle, en el patio de su casa, en el amable y amoroso hogar donde siempre han sido felices, en los d\u00edas de Nochebuena cuando nos sab\u00edamos parte de un mundo amable, \u00fanico y esperanzador.<\/p>\n\n\n\n<p>Mil gracias, hasta ma\u00f1ana.<\/p>\n\n\n\n<p><a href=\"mailto:jeperalta@plazajuarez.mx\/historico\/historico\">jeperalta@plazajuarez.mx\/historico\/historico<\/a><\/p>\n\n\n\n<p>@JavierEPeralta<\/p>\n","protected":false},"excerpt":{"rendered":"<p>Volver a ver la lluvia El que llueva hace que la esperanza renazca, nutra los jardines que miramos en la infancia, proteja la versi\u00f3n que ten\u00edamos de la existencia humana y por lo menos intente hacerla ajena a la tristeza que como adultos generalmente tenemos porque hemos vivido, y por lo tanto perdimos los ojos [&hellip;]<\/p>\n","protected":false},"author":10,"featured_media":154735,"comment_status":"closed","ping_status":"open","sticky":false,"template":"","format":"standard","meta":{"footnotes":""},"categories":[49,42],"tags":[],"class_list":["post-161648","post","type-post","status-publish","format-standard","has-post-thumbnail","hentry","category-javier-peralta","category-nuestrapalabra"],"_links":{"self":[{"href":"https:\/\/plazajuarez.mx\/historico\/wp-json\/wp\/v2\/posts\/161648","targetHints":{"allow":["GET"]}}],"collection":[{"href":"https:\/\/plazajuarez.mx\/historico\/wp-json\/wp\/v2\/posts"}],"about":[{"href":"https:\/\/plazajuarez.mx\/historico\/wp-json\/wp\/v2\/types\/post"}],"author":[{"embeddable":true,"href":"https:\/\/plazajuarez.mx\/historico\/wp-json\/wp\/v2\/users\/10"}],"replies":[{"embeddable":true,"href":"https:\/\/plazajuarez.mx\/historico\/wp-json\/wp\/v2\/comments?post=161648"}],"version-history":[{"count":0,"href":"https:\/\/plazajuarez.mx\/historico\/wp-json\/wp\/v2\/posts\/161648\/revisions"}],"wp:featuredmedia":[{"embeddable":true,"href":"https:\/\/plazajuarez.mx\/historico\/wp-json\/wp\/v2\/media\/154735"}],"wp:attachment":[{"href":"https:\/\/plazajuarez.mx\/historico\/wp-json\/wp\/v2\/media?parent=161648"}],"wp:term":[{"taxonomy":"category","embeddable":true,"href":"https:\/\/plazajuarez.mx\/historico\/wp-json\/wp\/v2\/categories?post=161648"},{"taxonomy":"post_tag","embeddable":true,"href":"https:\/\/plazajuarez.mx\/historico\/wp-json\/wp\/v2\/tags?post=161648"}],"curies":[{"name":"wp","href":"https:\/\/api.w.org\/{rel}","templated":true}]}}