{"id":161646,"date":"2021-04-27T06:00:00","date_gmt":"2021-04-27T11:00:00","guid":{"rendered":"https:\/\/plazajuarez.mx\/?p=161646"},"modified":"2021-04-26T23:20:38","modified_gmt":"2021-04-27T04:20:38","slug":"alfil-negro-2067","status":"publish","type":"post","link":"https:\/\/plazajuarez.mx\/historico\/alfil-negro-2067\/","title":{"rendered":"ALFIL NEGRO"},"content":{"rendered":"\n<h2 class=\"wp-block-heading\">Y AHORA, SEQU\u00cdA\u00a0<\/h2>\n\n\n\n<p>Despu\u00e9s de m\u00e1s de un a\u00f1o de pandemia en nuestro estado, con afectaciones muy serias en vidas humanas y en la econom\u00eda, que no son m\u00e1s graves por acciones y programas muy acertados del gobierno estatal, ahora se aparece con toda su crudeza LA SEQU\u00cdA, que la autoridad del agua dijo el 15 de abril que ya afecta a un 80 por ciento de Hidalgo, con 68 de 84 municipios con este problema, de los cuales en 24 la sequ\u00eda es moderada, y en 44 severa o sea en m\u00e1s del 52 por ciento del total del estado.<\/p>\n\n\n\n<p>Desde luego los ciclos de siembra ya est\u00e1n alterados, porque no es lo mismo sembrar con agua que sin ella, y los distritos de riego en p\u00e9sima situaci\u00f3n porque las presas de la entidad apenas si tienen un 40 por ciento de su capacidad, con cifras que preocupan en la Vicente Aguirre, Rojo G\u00f3mez, Requena y Endh\u00f3 entre otras.<\/p>\n\n\n\n<p>Y dicen los que le conocen a este asunto, que habr\u00e1 lluvias hasta julio, aunque ayer llovi\u00f3 aqu\u00ed en Pachuca.&nbsp;<\/p>\n\n\n\n<p>Desde luego con la sequ\u00eda se abre una puerta terrible de escasez de productos del campo, un rengl\u00f3n vital para nuestro estado porque el campo marca el rumbo en muchas cosas.<\/p>\n\n\n\n<p>Enfrentar la sequ\u00eda con proyecto y plan es tarea de las autoridades y el d\u00eda de hoy se anuncia una reuni\u00f3n conferencia para hablar del tema, porque este tipo de fen\u00f3menos crea situaciones dif\u00edciles, sobre todo porque la pandemia aunque menos devastadora que hace unos meses sigue siendo un problema en la vida del estado.<\/p>\n\n\n\n<p>Como dice el refr\u00e1n &#8220;ya \u00e9ramos muchos y pari\u00f3 la abuela&#8221;.<\/p>\n\n\n\n<p>S\u00famele a la pandemia y la sequ\u00eda, los desfiguras que est\u00e1n haciendo personajes de la vida pol\u00edtica del estado como Francisco Xavier, Baptista, y otros, que la verdad ya ni divierten, porque por ellos hablan sus hechos, para tener un cuadro completo de lo que se vive en Hidalgo en esta hora.<\/p>\n","protected":false},"excerpt":{"rendered":"<p>Y AHORA, SEQU\u00cdA\u00a0 Despu\u00e9s de m\u00e1s de un a\u00f1o de pandemia en nuestro estado, con afectaciones muy serias en vidas humanas y en la econom\u00eda, que no son m\u00e1s graves por acciones y programas muy acertados del gobierno estatal, ahora se aparece con toda su crudeza LA SEQU\u00cdA, que la autoridad del agua dijo el [&hellip;]<\/p>\n","protected":false},"author":83,"featured_media":154739,"comment_status":"closed","ping_status":"open","sticky":false,"template":"","format":"standard","meta":{"footnotes":""},"categories":[48,42],"tags":[],"class_list":["post-161646","post","type-post","status-publish","format-standard","has-post-thumbnail","hentry","category-adalberto-peralta","category-nuestrapalabra"],"_links":{"self":[{"href":"https:\/\/plazajuarez.mx\/historico\/wp-json\/wp\/v2\/posts\/161646","targetHints":{"allow":["GET"]}}],"collection":[{"href":"https:\/\/plazajuarez.mx\/historico\/wp-json\/wp\/v2\/posts"}],"about":[{"href":"https:\/\/plazajuarez.mx\/historico\/wp-json\/wp\/v2\/types\/post"}],"author":[{"embeddable":true,"href":"https:\/\/plazajuarez.mx\/historico\/wp-json\/wp\/v2\/users\/83"}],"replies":[{"embeddable":true,"href":"https:\/\/plazajuarez.mx\/historico\/wp-json\/wp\/v2\/comments?post=161646"}],"version-history":[{"count":0,"href":"https:\/\/plazajuarez.mx\/historico\/wp-json\/wp\/v2\/posts\/161646\/revisions"}],"wp:featuredmedia":[{"embeddable":true,"href":"https:\/\/plazajuarez.mx\/historico\/wp-json\/wp\/v2\/media\/154739"}],"wp:attachment":[{"href":"https:\/\/plazajuarez.mx\/historico\/wp-json\/wp\/v2\/media?parent=161646"}],"wp:term":[{"taxonomy":"category","embeddable":true,"href":"https:\/\/plazajuarez.mx\/historico\/wp-json\/wp\/v2\/categories?post=161646"},{"taxonomy":"post_tag","embeddable":true,"href":"https:\/\/plazajuarez.mx\/historico\/wp-json\/wp\/v2\/tags?post=161646"}],"curies":[{"name":"wp","href":"https:\/\/api.w.org\/{rel}","templated":true}]}}