{"id":161645,"date":"2021-04-27T06:00:00","date_gmt":"2021-04-27T11:00:00","guid":{"rendered":"https:\/\/plazajuarez.mx\/?p=161645"},"modified":"2021-04-26T23:19:11","modified_gmt":"2021-04-27T04:19:11","slug":"suspension-del-hoy-no-circula-divide-opiniones","status":"publish","type":"post","link":"https:\/\/plazajuarez.mx\/historico\/suspension-del-hoy-no-circula-divide-opiniones\/","title":{"rendered":"Suspensi\u00f3n del &#8220;Hoy no Circula&#8221; divide opiniones"},"content":{"rendered":"\n<p>Luego de que en Hidalgo se terminara el programa de reducci\u00f3n vehicular denominado \u201cHoy no Circula Sanitario\u201d que fue impuesto en la entidad para evitar la propagaci\u00f3n del SARS COV 02, coronavirus causante de la enfermedad covid-19, la opini\u00f3n de la poblaci\u00f3n pachuque\u00f1a nuevamente se dividi\u00f3 en un sondeo realizado por Diario Plaza Ju\u00e1rez.&nbsp;<\/p>\n\n\n\n<p>De acuerdo con algunos pobladores, el que se terminara el Hoy no Circula es considerado como un factor de riesgo y lo ven como \u201cbajar la guardia\u201d cuando el sem\u00e1foro epidemiol\u00f3gico ha regresado a color naranja, luego de haber estado un par de semanas en amarillo.<\/p>\n\n\n\n<p>Sin embargo, para otro sector de la poblaci\u00f3n, el usar menos transporte colectivo y ocupar los veh\u00edculos particulares genera muchas m\u00e1s confianza, por lo que se han pronunciado desde un inicio en contra de esta medida que form\u00f3 parte del <em>Operativo Escudo.<\/em>&nbsp;<\/p>\n\n\n\n<p>\u201cEs que ya vienen las elecciones, por eso andan queriendo quedar bien, todo es muy sospechoso, a ver, c\u00f3mo en sem\u00e1foro amarillo no quitaron el Hoy no circula y ahora ya, para el d\u00eda de la elecci\u00f3n son capaces de poner un sem\u00e1foro verde, ya se vio cu\u00e1ntos&nbsp; muertos hubo por las campa\u00f1as del a\u00f1o pasado\u201d, Lauro Hern\u00e1ndez.&nbsp;<\/p>\n\n\n\n<p>\u201cYa era hora, eso del Hoy no circula, s\u00f3lo sirvi\u00f3 para que los polic\u00edas hicieran su feria con las mordidas que ped\u00edan\u201d, \u00c1ngel Mart\u00ednez.&nbsp;<\/p>\n","protected":false},"excerpt":{"rendered":"<p>Luego de que en Hidalgo se terminara el programa de reducci\u00f3n vehicular denominado \u201cHoy no Circula Sanitario\u201d que fue impuesto en la entidad para evitar la propagaci\u00f3n del SARS COV 02, coronavirus causante de la enfermedad covid-19, la opini\u00f3n de la poblaci\u00f3n pachuque\u00f1a nuevamente se dividi\u00f3 en un sondeo realizado por Diario Plaza Ju\u00e1rez.&nbsp; De [&hellip;]<\/p>\n","protected":false},"author":72,"featured_media":161655,"comment_status":"closed","ping_status":"open","sticky":false,"template":"","format":"standard","meta":{"footnotes":""},"categories":[15,59],"tags":[],"class_list":["post-161645","post","type-post","status-publish","format-standard","has-post-thumbnail","hentry","category-destacadas","category-general"],"_links":{"self":[{"href":"https:\/\/plazajuarez.mx\/historico\/wp-json\/wp\/v2\/posts\/161645","targetHints":{"allow":["GET"]}}],"collection":[{"href":"https:\/\/plazajuarez.mx\/historico\/wp-json\/wp\/v2\/posts"}],"about":[{"href":"https:\/\/plazajuarez.mx\/historico\/wp-json\/wp\/v2\/types\/post"}],"author":[{"embeddable":true,"href":"https:\/\/plazajuarez.mx\/historico\/wp-json\/wp\/v2\/users\/72"}],"replies":[{"embeddable":true,"href":"https:\/\/plazajuarez.mx\/historico\/wp-json\/wp\/v2\/comments?post=161645"}],"version-history":[{"count":0,"href":"https:\/\/plazajuarez.mx\/historico\/wp-json\/wp\/v2\/posts\/161645\/revisions"}],"wp:featuredmedia":[{"embeddable":true,"href":"https:\/\/plazajuarez.mx\/historico\/wp-json\/wp\/v2\/media\/161655"}],"wp:attachment":[{"href":"https:\/\/plazajuarez.mx\/historico\/wp-json\/wp\/v2\/media?parent=161645"}],"wp:term":[{"taxonomy":"category","embeddable":true,"href":"https:\/\/plazajuarez.mx\/historico\/wp-json\/wp\/v2\/categories?post=161645"},{"taxonomy":"post_tag","embeddable":true,"href":"https:\/\/plazajuarez.mx\/historico\/wp-json\/wp\/v2\/tags?post=161645"}],"curies":[{"name":"wp","href":"https:\/\/api.w.org\/{rel}","templated":true}]}}