{"id":161644,"date":"2021-04-27T06:00:00","date_gmt":"2021-04-27T11:00:00","guid":{"rendered":"https:\/\/plazajuarez.mx\/?p=161644"},"modified":"2021-04-26T23:17:39","modified_gmt":"2021-04-27T04:17:39","slug":"concluye-segunda-dosis-contra-covid","status":"publish","type":"post","link":"https:\/\/plazajuarez.mx\/historico\/concluye-segunda-dosis-contra-covid\/","title":{"rendered":"Concluye segunda dosis contra COVID"},"content":{"rendered":"\n<p>El titular de la Secretar\u00eda de Salud de Hidalgo (SSH), Efra\u00edn Ben\u00edtez Herrera inform\u00f3 que en esta semana concluir\u00e1 la Jornada Nacional de Vacunaci\u00f3n, al aplicar la segunda dosis a personas adultas mayores.<\/p>\n\n\n\n<p>En entrevista para el programa \u201cAl Aire\u201d del Sistema de Radio y Televisi\u00f3n, puntualiz\u00f3 que son m\u00e1s de 300 mil adultos mayores que se encuentran completos en el esquema de vacunaci\u00f3n, y por el momento se encuentran inmunizando en Huejutla, Atitalaquia y Villa de Tezontepec, primeros municipios donde se inici\u00f3 con la inoculaci\u00f3n.<\/p>\n\n\n\n<p>Se\u00f1al\u00f3 que despu\u00e9s de terminar con la vacunaci\u00f3n de adultos mayores, iniciar\u00e1 la inoculaci\u00f3n del magisterio, lo que significa cerca de 83 mil personas y posteriormente iniciar\u00e1n la jornada con las personas de 50 a 59 a\u00f1os de edad.<\/p>\n\n\n\n<p>En cuanto a la inmunizaci\u00f3n de las personas con comorbilidades, indic\u00f3 que ma\u00f1ana tendr\u00e1 una reuni\u00f3n con expertos de vacunaci\u00f3n del gobierno federal para definir \u201cc\u00f3mo se va a vacunar despu\u00e9s de concluir con el magisterio\u201d<\/p>\n\n\n\n<p>Respecto al cese de la estrategia Hoy No Circula Sanitario, apunt\u00f3 que la decisi\u00f3n fue tomada luego de analizar la movilidad en plataformas y redes sociales y al registrarse una baja en el n\u00famero de casos, hospitalizados y defunciones.<\/p>\n\n\n\n<p>\u201cEstamos en una meseta a\u00fan no estable al ciento por ciento, por eso se tom\u00f3 la decisi\u00f3n de quitar el hoy no circula donde se estaba aplicando, pero vamos a seguir revisando la movilidad, los ochos municipios y si la decisi\u00f3n impacta en la curva epidemiol\u00f3gica\u201d.<\/p>\n\n\n\n<p>Inform\u00f3 que hasta el momento los n\u00fameros van a la baja, la ocupaci\u00f3n hospitalaria es del 19 por ciento, hay menos de 150 pacientes hospitalizados en todo el sector salud y se contin\u00faa en una desaceleraci\u00f3n.<\/p>\n\n\n\n<p>\u201cYa pasaron las tres semanas despu\u00e9s de semana santa y no hubo incremento grave como se hab\u00eda pensado, pero tenemos que estar a la expectativa, cuid\u00e1ndonos todos\u201d.<\/p>\n","protected":false},"excerpt":{"rendered":"<p>El titular de la Secretar\u00eda de Salud de Hidalgo (SSH), Efra\u00edn Ben\u00edtez Herrera inform\u00f3 que en esta semana concluir\u00e1 la Jornada Nacional de Vacunaci\u00f3n, al aplicar la segunda dosis a personas adultas mayores. En entrevista para el programa \u201cAl Aire\u201d del Sistema de Radio y Televisi\u00f3n, puntualiz\u00f3 que son m\u00e1s de 300 mil adultos mayores [&hellip;]<\/p>\n","protected":false},"author":73,"featured_media":161653,"comment_status":"closed","ping_status":"open","sticky":false,"template":"","format":"standard","meta":{"footnotes":""},"categories":[15,59],"tags":[],"class_list":["post-161644","post","type-post","status-publish","format-standard","has-post-thumbnail","hentry","category-destacadas","category-general"],"_links":{"self":[{"href":"https:\/\/plazajuarez.mx\/historico\/wp-json\/wp\/v2\/posts\/161644","targetHints":{"allow":["GET"]}}],"collection":[{"href":"https:\/\/plazajuarez.mx\/historico\/wp-json\/wp\/v2\/posts"}],"about":[{"href":"https:\/\/plazajuarez.mx\/historico\/wp-json\/wp\/v2\/types\/post"}],"author":[{"embeddable":true,"href":"https:\/\/plazajuarez.mx\/historico\/wp-json\/wp\/v2\/users\/73"}],"replies":[{"embeddable":true,"href":"https:\/\/plazajuarez.mx\/historico\/wp-json\/wp\/v2\/comments?post=161644"}],"version-history":[{"count":0,"href":"https:\/\/plazajuarez.mx\/historico\/wp-json\/wp\/v2\/posts\/161644\/revisions"}],"wp:featuredmedia":[{"embeddable":true,"href":"https:\/\/plazajuarez.mx\/historico\/wp-json\/wp\/v2\/media\/161653"}],"wp:attachment":[{"href":"https:\/\/plazajuarez.mx\/historico\/wp-json\/wp\/v2\/media?parent=161644"}],"wp:term":[{"taxonomy":"category","embeddable":true,"href":"https:\/\/plazajuarez.mx\/historico\/wp-json\/wp\/v2\/categories?post=161644"},{"taxonomy":"post_tag","embeddable":true,"href":"https:\/\/plazajuarez.mx\/historico\/wp-json\/wp\/v2\/tags?post=161644"}],"curies":[{"name":"wp","href":"https:\/\/api.w.org\/{rel}","templated":true}]}}