{"id":161639,"date":"2021-04-27T06:00:00","date_gmt":"2021-04-27T11:00:00","guid":{"rendered":"https:\/\/plazajuarez.mx\/?p=161639"},"modified":"2021-04-26T23:12:29","modified_gmt":"2021-04-27T04:12:29","slug":"vamos-a-ganar-la-mayoria-de-distritos-lider-del-prd","status":"publish","type":"post","link":"https:\/\/plazajuarez.mx\/historico\/vamos-a-ganar-la-mayoria-de-distritos-lider-del-prd\/","title":{"rendered":"\u201cVamos a ganar la mayor\u00eda de distritos\u201d: L\u00edder del PRD"},"content":{"rendered":"\n<p>El presidente estatal del Partido de la Revoluci\u00f3n Democr\u00e1tica (PRD) Ricardo G\u00f3mez Moreno, asegur\u00f3 que dentro del Sol Azteca se sienten fuertes y con la seguridad que ganar\u00e1n la mayor\u00eda de distritos tanto en la diputaci\u00f3n local como en la federal.<\/p>\n\n\n\n<p>En conferencia de prensa dijo: \u201cnos sentimos fuertes, sabemos que vamos a ganar la mayor\u00eda de los distritos, queremos hacer ver que estamos integrados y unidos para el Proceso Electoral\u201d.<\/p>\n\n\n\n<p>Por lo anterior, enfatiz\u00f3 que est\u00e1n fortaleciendo el trabajo de campo en sus campa\u00f1as, as\u00ed como las propuestas de la coalici\u00f3n Va por M\u00e9xico, en el \u00e1mbito federal, y Va por Hidalgo, en lo local.<\/p>\n\n\n\n<p>Lo anterior al asegurar que si se trabaja en conjunto se lograr\u00e1n grandes resultados que los llevar\u00e1n a ganar la mayor\u00eda de los distritos locales y federales, \u201cy queremos mostrar que estamos unidos para trabajar en beneficio de la ciudadan\u00eda y sin duda de que ganaremos la contienda electoral\u201d.<\/p>\n\n\n\n<p>En el caso del Distrito de Tula, destac\u00f3 que respaldar\u00e1n las propuestas de sus abanderados, referentes a la gesti\u00f3n y el impulso de acciones para hacer frente a la contaminaci\u00f3n, problema hist\u00f3rico en la regi\u00f3n.<\/p>\n","protected":false},"excerpt":{"rendered":"<p>El presidente estatal del Partido de la Revoluci\u00f3n Democr\u00e1tica (PRD) Ricardo G\u00f3mez Moreno, asegur\u00f3 que dentro del Sol Azteca se sienten fuertes y con la seguridad que ganar\u00e1n la mayor\u00eda de distritos tanto en la diputaci\u00f3n local como en la federal. En conferencia de prensa dijo: \u201cnos sentimos fuertes, sabemos que vamos a ganar la [&hellip;]<\/p>\n","protected":false},"author":73,"featured_media":161657,"comment_status":"closed","ping_status":"open","sticky":false,"template":"","format":"standard","meta":{"footnotes":""},"categories":[15,2154,59],"tags":[],"class_list":["post-161639","post","type-post","status-publish","format-standard","has-post-thumbnail","hentry","category-destacadas","category-elecciones21","category-general"],"_links":{"self":[{"href":"https:\/\/plazajuarez.mx\/historico\/wp-json\/wp\/v2\/posts\/161639","targetHints":{"allow":["GET"]}}],"collection":[{"href":"https:\/\/plazajuarez.mx\/historico\/wp-json\/wp\/v2\/posts"}],"about":[{"href":"https:\/\/plazajuarez.mx\/historico\/wp-json\/wp\/v2\/types\/post"}],"author":[{"embeddable":true,"href":"https:\/\/plazajuarez.mx\/historico\/wp-json\/wp\/v2\/users\/73"}],"replies":[{"embeddable":true,"href":"https:\/\/plazajuarez.mx\/historico\/wp-json\/wp\/v2\/comments?post=161639"}],"version-history":[{"count":0,"href":"https:\/\/plazajuarez.mx\/historico\/wp-json\/wp\/v2\/posts\/161639\/revisions"}],"wp:featuredmedia":[{"embeddable":true,"href":"https:\/\/plazajuarez.mx\/historico\/wp-json\/wp\/v2\/media\/161657"}],"wp:attachment":[{"href":"https:\/\/plazajuarez.mx\/historico\/wp-json\/wp\/v2\/media?parent=161639"}],"wp:term":[{"taxonomy":"category","embeddable":true,"href":"https:\/\/plazajuarez.mx\/historico\/wp-json\/wp\/v2\/categories?post=161639"},{"taxonomy":"post_tag","embeddable":true,"href":"https:\/\/plazajuarez.mx\/historico\/wp-json\/wp\/v2\/tags?post=161639"}],"curies":[{"name":"wp","href":"https:\/\/api.w.org\/{rel}","templated":true}]}}