{"id":161602,"date":"2021-04-26T09:48:04","date_gmt":"2021-04-26T14:48:04","guid":{"rendered":"https:\/\/plazajuarez.mx\/?p=161602"},"modified":"2021-04-26T09:48:15","modified_gmt":"2021-04-26T14:48:15","slug":"atropella-a-motociclista-y-se-da-a-la-fuga","status":"publish","type":"post","link":"https:\/\/plazajuarez.mx\/historico\/atropella-a-motociclista-y-se-da-a-la-fuga\/","title":{"rendered":"Atropella a motociclista y se da a la fuga"},"content":{"rendered":"\n<p><strong>TIZAYUCA<\/strong><\/p>\n\n\n\n<p>Elementos de la Secretar\u00eda de Seguridad P\u00fablica, y personal de Protecci\u00f3n Civil acudieron a la avenida Ju\u00e1rez a la altura de la tienda de Coppel debido a que un motociclista fue atropellado por una camioneta particular y el joven no se pod\u00eda levantar.&nbsp;<\/p>\n\n\n\n<p>Los testigos de los hechos, llamaron al n\u00famero de emergencias para solicitar su presencia en el lugar, narraron que el conductor de una camioneta particular lo avent\u00f3.<\/p>\n\n\n\n<p>Al lugar de los hechos lleg\u00f3 el personal de Protecci\u00f3n Civil, quien brind\u00f3 atenci\u00f3n m\u00e9dica al lesionado que se encontraba tirado en la cinta asf\u00e1ltica, debido a que su moto derrap\u00f3 y no pudo maniobrar para detenerla, mientras realizaban los servicios cerraron un momento la&nbsp; vialidad lo que causo un poco de tr\u00e1fico en el lugar.<\/p>\n","protected":false},"excerpt":{"rendered":"<p>TIZAYUCA Elementos de la Secretar\u00eda de Seguridad P\u00fablica, y personal de Protecci\u00f3n Civil acudieron a la avenida Ju\u00e1rez a la altura de la tienda de Coppel debido a que un motociclista fue atropellado por una camioneta particular y el joven no se pod\u00eda levantar.&nbsp; Los testigos de los hechos, llamaron al n\u00famero de emergencias para [&hellip;]<\/p>\n","protected":false},"author":78,"featured_media":161603,"comment_status":"closed","ping_status":"open","sticky":false,"template":"","format":"standard","meta":{"footnotes":""},"categories":[40],"tags":[],"class_list":["post-161602","post","type-post","status-publish","format-standard","has-post-thumbnail","hentry","category-region"],"_links":{"self":[{"href":"https:\/\/plazajuarez.mx\/historico\/wp-json\/wp\/v2\/posts\/161602","targetHints":{"allow":["GET"]}}],"collection":[{"href":"https:\/\/plazajuarez.mx\/historico\/wp-json\/wp\/v2\/posts"}],"about":[{"href":"https:\/\/plazajuarez.mx\/historico\/wp-json\/wp\/v2\/types\/post"}],"author":[{"embeddable":true,"href":"https:\/\/plazajuarez.mx\/historico\/wp-json\/wp\/v2\/users\/78"}],"replies":[{"embeddable":true,"href":"https:\/\/plazajuarez.mx\/historico\/wp-json\/wp\/v2\/comments?post=161602"}],"version-history":[{"count":0,"href":"https:\/\/plazajuarez.mx\/historico\/wp-json\/wp\/v2\/posts\/161602\/revisions"}],"wp:featuredmedia":[{"embeddable":true,"href":"https:\/\/plazajuarez.mx\/historico\/wp-json\/wp\/v2\/media\/161603"}],"wp:attachment":[{"href":"https:\/\/plazajuarez.mx\/historico\/wp-json\/wp\/v2\/media?parent=161602"}],"wp:term":[{"taxonomy":"category","embeddable":true,"href":"https:\/\/plazajuarez.mx\/historico\/wp-json\/wp\/v2\/categories?post=161602"},{"taxonomy":"post_tag","embeddable":true,"href":"https:\/\/plazajuarez.mx\/historico\/wp-json\/wp\/v2\/tags?post=161602"}],"curies":[{"name":"wp","href":"https:\/\/api.w.org\/{rel}","templated":true}]}}