{"id":161597,"date":"2021-04-26T09:43:04","date_gmt":"2021-04-26T14:43:04","guid":{"rendered":"https:\/\/plazajuarez.mx\/?p=161597"},"modified":"2021-04-26T09:47:22","modified_gmt":"2021-04-26T14:47:22","slug":"avanza-incendio-forestal-hacia-otros-municipios","status":"publish","type":"post","link":"https:\/\/plazajuarez.mx\/historico\/avanza-incendio-forestal-hacia-otros-municipios\/","title":{"rendered":"Avanza incendio forestal hacia otros municipios"},"content":{"rendered":"\n<p><strong>VALLE DEL MEZQUITAL&nbsp;<\/strong><\/p>\n\n\n\n<p>El incendio intermunicipal que afecta a los municipios de El Cardonal, Tlahuiltepa, Nicol\u00e1s Flores y Jacala, no ha sido controlado, se cumplen dos semanas que se encuentra fuera de control.&nbsp;<\/p>\n\n\n\n<p>De acuerdo a pobladores de Chichicastla, en el municipio de Tlahuiltepa, el martes de la semana pasada, hicieron acto de presencia dos helic\u00f3pteros, pero solo uno se encuentra haciendo labores en el \u00e1rea, el otro se retir\u00f3 luego de que una televisora nacional tambi\u00e9n lo hiciera.&nbsp;<\/p>\n\n\n\n<p>Los brigadistas no han podido apoyar las labores, debido a que por las maniobras de la aeronave se ha tornado peligroso para los voluntarios. Asimismo, las condiciones del terreno han imposibilitado controlar el fuego provocado por una tormenta el\u00e9ctrica. Hasta ahora, no se han cuantificado los da\u00f1os.&nbsp;<\/p>\n","protected":false},"excerpt":{"rendered":"<p>VALLE DEL MEZQUITAL&nbsp; El incendio intermunicipal que afecta a los municipios de El Cardonal, Tlahuiltepa, Nicol\u00e1s Flores y Jacala, no ha sido controlado, se cumplen dos semanas que se encuentra fuera de control.&nbsp; De acuerdo a pobladores de Chichicastla, en el municipio de Tlahuiltepa, el martes de la semana pasada, hicieron acto de presencia dos [&hellip;]<\/p>\n","protected":false},"author":75,"featured_media":161599,"comment_status":"closed","ping_status":"open","sticky":false,"template":"","format":"standard","meta":{"footnotes":""},"categories":[40],"tags":[],"class_list":["post-161597","post","type-post","status-publish","format-standard","has-post-thumbnail","hentry","category-region"],"_links":{"self":[{"href":"https:\/\/plazajuarez.mx\/historico\/wp-json\/wp\/v2\/posts\/161597","targetHints":{"allow":["GET"]}}],"collection":[{"href":"https:\/\/plazajuarez.mx\/historico\/wp-json\/wp\/v2\/posts"}],"about":[{"href":"https:\/\/plazajuarez.mx\/historico\/wp-json\/wp\/v2\/types\/post"}],"author":[{"embeddable":true,"href":"https:\/\/plazajuarez.mx\/historico\/wp-json\/wp\/v2\/users\/75"}],"replies":[{"embeddable":true,"href":"https:\/\/plazajuarez.mx\/historico\/wp-json\/wp\/v2\/comments?post=161597"}],"version-history":[{"count":0,"href":"https:\/\/plazajuarez.mx\/historico\/wp-json\/wp\/v2\/posts\/161597\/revisions"}],"wp:featuredmedia":[{"embeddable":true,"href":"https:\/\/plazajuarez.mx\/historico\/wp-json\/wp\/v2\/media\/161599"}],"wp:attachment":[{"href":"https:\/\/plazajuarez.mx\/historico\/wp-json\/wp\/v2\/media?parent=161597"}],"wp:term":[{"taxonomy":"category","embeddable":true,"href":"https:\/\/plazajuarez.mx\/historico\/wp-json\/wp\/v2\/categories?post=161597"},{"taxonomy":"post_tag","embeddable":true,"href":"https:\/\/plazajuarez.mx\/historico\/wp-json\/wp\/v2\/tags?post=161597"}],"curies":[{"name":"wp","href":"https:\/\/api.w.org\/{rel}","templated":true}]}}