{"id":161592,"date":"2021-04-26T09:40:18","date_gmt":"2021-04-26T14:40:18","guid":{"rendered":"https:\/\/plazajuarez.mx\/?p=161592"},"modified":"2021-04-26T09:40:41","modified_gmt":"2021-04-26T14:40:41","slug":"candidato-del-pri-llama-al-voto-diferenciado-en-ixmiquilpan","status":"publish","type":"post","link":"https:\/\/plazajuarez.mx\/historico\/candidato-del-pri-llama-al-voto-diferenciado-en-ixmiquilpan\/","title":{"rendered":"Candidato del PRI llama al voto diferenciado en Ixmiquilpan"},"content":{"rendered":"\n<p><strong>Ixmiquilpan\u00a0\u00a0<\/strong><\/p>\n\n\n\n<p>Se llamar\u00e1 al voto diferenciado en Ixmiquilpan en favor del PRI en Ixmiquilpan, subray\u00f3 el candidato a diputado suplente de la coalici\u00f3n, Va por M\u00e9xico, Juan de Dios Hern\u00e1ndez, mientras que en la de diputado local y federal, ah\u00ed s\u00ed por todos, es decir, tambi\u00e9n el PAN y PRD, porque van juntos.&nbsp;<\/p>\n\n\n\n<p>Luego de acompa\u00f1ar a la candidata a la presidencia municipal, Anel Torres, el candidato a diputado federal, asegur\u00f3 que el PRI ganar\u00e1 las elecciones municipales extraordinarias. \u201cYo soy priista, Giovanny (Severo) es panista\u201d, sostuvo respecto a su compa\u00f1ero de f\u00f3rmula.<\/p>\n\n\n\n<p>Dijo que la militancia de los partidos que conforman la coalici\u00f3n, van a dividir sus votos en la elecci\u00f3n municipal, mientras que a la sociedad civil, en su caso pedir\u00e1 el sufragio diferenciado en favor de la candidata priista.&nbsp;<\/p>\n\n\n\n<p>El pacto de neutralidad fue roto por el candidato a diputado federal, quien estar\u00e1 haciendo campa\u00f1a en favor del PRI en el municipio de Ixmiquilpan en la elecci\u00f3n extraordinaria. Mientras que el candidato propietario, Giovanny Severo, lo har\u00eda por el PAN.<\/p>\n","protected":false},"excerpt":{"rendered":"<p>Ixmiquilpan\u00a0\u00a0 Se llamar\u00e1 al voto diferenciado en Ixmiquilpan en favor del PRI en Ixmiquilpan, subray\u00f3 el candidato a diputado suplente de la coalici\u00f3n, Va por M\u00e9xico, Juan de Dios Hern\u00e1ndez, mientras que en la de diputado local y federal, ah\u00ed s\u00ed por todos, es decir, tambi\u00e9n el PAN y PRD, porque van juntos.&nbsp; Luego de [&hellip;]<\/p>\n","protected":false},"author":75,"featured_media":161594,"comment_status":"closed","ping_status":"open","sticky":false,"template":"","format":"standard","meta":{"footnotes":""},"categories":[2154,40],"tags":[],"class_list":["post-161592","post","type-post","status-publish","format-standard","has-post-thumbnail","hentry","category-elecciones21","category-region"],"_links":{"self":[{"href":"https:\/\/plazajuarez.mx\/historico\/wp-json\/wp\/v2\/posts\/161592","targetHints":{"allow":["GET"]}}],"collection":[{"href":"https:\/\/plazajuarez.mx\/historico\/wp-json\/wp\/v2\/posts"}],"about":[{"href":"https:\/\/plazajuarez.mx\/historico\/wp-json\/wp\/v2\/types\/post"}],"author":[{"embeddable":true,"href":"https:\/\/plazajuarez.mx\/historico\/wp-json\/wp\/v2\/users\/75"}],"replies":[{"embeddable":true,"href":"https:\/\/plazajuarez.mx\/historico\/wp-json\/wp\/v2\/comments?post=161592"}],"version-history":[{"count":0,"href":"https:\/\/plazajuarez.mx\/historico\/wp-json\/wp\/v2\/posts\/161592\/revisions"}],"wp:featuredmedia":[{"embeddable":true,"href":"https:\/\/plazajuarez.mx\/historico\/wp-json\/wp\/v2\/media\/161594"}],"wp:attachment":[{"href":"https:\/\/plazajuarez.mx\/historico\/wp-json\/wp\/v2\/media?parent=161592"}],"wp:term":[{"taxonomy":"category","embeddable":true,"href":"https:\/\/plazajuarez.mx\/historico\/wp-json\/wp\/v2\/categories?post=161592"},{"taxonomy":"post_tag","embeddable":true,"href":"https:\/\/plazajuarez.mx\/historico\/wp-json\/wp\/v2\/tags?post=161592"}],"curies":[{"name":"wp","href":"https:\/\/api.w.org\/{rel}","templated":true}]}}