{"id":161567,"date":"2021-04-26T09:30:38","date_gmt":"2021-04-26T14:30:38","guid":{"rendered":"https:\/\/plazajuarez.mx\/?p=161567"},"modified":"2021-04-26T09:30:51","modified_gmt":"2021-04-26T14:30:51","slug":"una-mujer-fue-vinculada-a-proceso-por-robo-a-un-establecimiento-comercial","status":"publish","type":"post","link":"https:\/\/plazajuarez.mx\/historico\/una-mujer-fue-vinculada-a-proceso-por-robo-a-un-establecimiento-comercial\/","title":{"rendered":"Una mujer fue vinculada a proceso por robo a un establecimiento comercial"},"content":{"rendered":"\n<p>Un agente del ministerio p\u00fablico adscrito a la Subprocuradur\u00eda de Procedimientos Penales regi\u00f3n oriente de la Procuradur\u00eda General de Justicia del estado de Hidalgo, investig\u00f3 y recab\u00f3 los datos de prueba necesarios para que un juez de control vinculara a proceso a una persona por robo en grado de tentativa.<\/p>\n\n\n\n<p>Los hechos que fueron materia de imputaci\u00f3n contra una persona identificada como Yadira \u201cN\u201d, ocurrieron el 12 de julio del 2020 al interior de un centro comercial ubicado en el fraccionamiento El Palmar, en Pachuca, cuando la probable intent\u00f3 sustraer art\u00edculos sin el consentimiento de quien legalmente podr\u00eda otorgarlo.<\/p>\n\n\n\n<p>Personal de la tienda se percat\u00f3 de lo ocurrido por lo que en el \u00e1rea de cajas fue detenida y puesta a disposici\u00f3n del Ministerio P\u00fablico, motivo por el que se inici\u00f3 la carpeta de investigaci\u00f3n por robo en grado de tentativa.<\/p>\n\n\n\n<p>El agente del ministerio p\u00fablico se encarg\u00f3 de las indagatorias mediante las que reunieron datos de prueba contra Yadira \u201cN\u201d, y las cuales present\u00f3 al juez penal durante la audiencia inicial.<\/p>\n\n\n\n<p>Como resultado de lo anterior, la autoridad judicial consider\u00f3 suficiente la investigaci\u00f3n y dict\u00f3 la vinculaci\u00f3n a proceso.<\/p>\n\n\n\n<p>Como medida cautelar a Yadira \u201cN\u201d le fue impuesta la firma mensual ante Unidad de Medidas Cautelares. Se estableci\u00f3 un plazo de dos meses para el cierre de la investigaci\u00f3n complementaria.<\/p>\n","protected":false},"excerpt":{"rendered":"<p>Un agente del ministerio p\u00fablico adscrito a la Subprocuradur\u00eda de Procedimientos Penales regi\u00f3n oriente de la Procuradur\u00eda General de Justicia del estado de Hidalgo, investig\u00f3 y recab\u00f3 los datos de prueba necesarios para que un juez de control vinculara a proceso a una persona por robo en grado de tentativa. Los hechos que fueron materia [&hellip;]<\/p>\n","protected":false},"author":93,"featured_media":161578,"comment_status":"closed","ping_status":"open","sticky":false,"template":"","format":"standard","meta":{"footnotes":""},"categories":[37],"tags":[],"class_list":["post-161567","post","type-post","status-publish","format-standard","has-post-thumbnail","hentry","category-barandilla"],"_links":{"self":[{"href":"https:\/\/plazajuarez.mx\/historico\/wp-json\/wp\/v2\/posts\/161567","targetHints":{"allow":["GET"]}}],"collection":[{"href":"https:\/\/plazajuarez.mx\/historico\/wp-json\/wp\/v2\/posts"}],"about":[{"href":"https:\/\/plazajuarez.mx\/historico\/wp-json\/wp\/v2\/types\/post"}],"author":[{"embeddable":true,"href":"https:\/\/plazajuarez.mx\/historico\/wp-json\/wp\/v2\/users\/93"}],"replies":[{"embeddable":true,"href":"https:\/\/plazajuarez.mx\/historico\/wp-json\/wp\/v2\/comments?post=161567"}],"version-history":[{"count":0,"href":"https:\/\/plazajuarez.mx\/historico\/wp-json\/wp\/v2\/posts\/161567\/revisions"}],"wp:featuredmedia":[{"embeddable":true,"href":"https:\/\/plazajuarez.mx\/historico\/wp-json\/wp\/v2\/media\/161578"}],"wp:attachment":[{"href":"https:\/\/plazajuarez.mx\/historico\/wp-json\/wp\/v2\/media?parent=161567"}],"wp:term":[{"taxonomy":"category","embeddable":true,"href":"https:\/\/plazajuarez.mx\/historico\/wp-json\/wp\/v2\/categories?post=161567"},{"taxonomy":"post_tag","embeddable":true,"href":"https:\/\/plazajuarez.mx\/historico\/wp-json\/wp\/v2\/tags?post=161567"}],"curies":[{"name":"wp","href":"https:\/\/api.w.org\/{rel}","templated":true}]}}