{"id":16154,"date":"2016-01-22T13:48:32","date_gmt":"2016-01-22T13:48:32","guid":{"rendered":"http:\/\/plazajuarez.mx\/index\/index.php\/2016\/01\/22\/para-marzo-estaran-terminadas-las-remodelaciones\/"},"modified":"2016-01-22T13:48:32","modified_gmt":"2016-01-22T13:48:32","slug":"para-marzo-estaran-terminadas-las-remodelaciones","status":"publish","type":"post","link":"https:\/\/plazajuarez.mx\/historico\/para-marzo-estaran-terminadas-las-remodelaciones\/","title":{"rendered":"Para marzo estar\u00e1n terminadas las remodelaciones"},"content":{"rendered":"<p>CENTRO HIST\u00d3RICO \u00a0\u00a0\u00a0\u00a0 <\/p>\n<p>Alcalde inform\u00f3 que trabajos llevan avance del 60 por ciento, aunque la parte inferior est\u00e1 casi terminada, s\u00f3lo falta la plancha y detalles de vista<\/p>\n<p>  <!--more-->  <\/p>\n<p>\u00a0<\/p>\n<p>El presidente municipal de Pachuca, Eleazar Garc\u00eda S\u00e1nchez, se\u00f1al\u00f3 que para marzo se tiene contemplado que ya est\u00e9n terminadas las obras de la Plaza Independencia, despu\u00e9s de los retrasos de varios meses.<\/p>\n<p>\u00a0<\/p>\n<p>Asegur\u00f3 que los trabajos ya llevan un avance del 60 por ciento, aunque la parte inferior est\u00e1 casi terminada, s\u00f3lo falta la plancha y detalles de vista, por lo que se prev\u00e9 que para fines de marzo se entreguen estas obras cuya inversi\u00f3n fue de 110 millones de pesos.<\/p>\n<p>\u00a0<\/p>\n<p>Coment\u00f3 que a pesar de los problemas estructurales que tuvieron al principio, ahora s\u00f3lo queda resolver detalles de colocaci\u00f3n de piso, que ser\u00e1 de 3 tonos de granito, la elecci\u00f3n de las plantas y distancia en la colocaci\u00f3n de bolardos.<\/p>\n<p>\u00a0<\/p>\n<p>Respecto a lo suscitado con el alcalde de Tulancingo, Julio Soto M\u00e1rquez, donde lo mostraban amenazando a vecinos de una colonia con no liberarles escrituras de sus propiedades por manifestarse en su contra, coment\u00f3 que seguramente debi\u00f3 estar en un momento de presi\u00f3n.<\/p>\n<p>\u00a0<\/p>\n<p>Agrego que no se debe condicionar la entrega de una firma en cuesti\u00f3n del comportamiento de los ciudadanos, ya que los funcionarios deben brindar sus servicios por igual, aunque a\u00f1adi\u00f3 que el alcalde ha hecho un buen trabajo en su localidad.<\/p>\n<p>\u00a0<\/p>\n<p>\u201cNo es v\u00e1lido el restringir ante la poblaci\u00f3n una firma o no, yo creo que hoy m\u00e1s que nunca, como funcionarios p\u00fablicos tenemos que tener mucho cuidado en la manera en que nos expresamos, si uno comete el error, aceptarlo y corregirlo\u201d coment\u00f3 el edil de Pachuca.<\/p>\n<p>\u00a0<\/p>\n<p>Esto, despu\u00e9s de la XCVI Sesi\u00f3n Ordinaria P\u00fablica donde se aprob\u00f3, por mayor\u00eda de votos, el dictamen de la Comisi\u00f3n Permanente de Medio Ambiente con el tema del Parque de Convivencias en coordinaci\u00f3n con la Secretaria de Medio Ambiente, la Secretaria de Salud y la de Fomento Econ\u00f3mico.<\/p>\n<p>\u00a0<\/p>\n<p>Quedando en la designaci\u00f3n de los integrantes a Carlos Jaime Conde Z\u00fa\u00f1iga, Olivia Z\u00fa\u00f1iga Sant\u00edn y Pablo Arturo G\u00f3mez L\u00f3pez, quienes formar\u00e1n parte de la Junta de Gobierno de la Unidad de Rescate, Rehabilitaci\u00f3n y Reubicaci\u00f3n de Fauna Silvestre, End\u00e9mica y Ex\u00f3tica de Pachuca.<\/p>\n<p>\u00a0<\/p>\n<p>En su intervenci\u00f3n, la regidora Edith Mej\u00eda Hern\u00e1ndez record\u00f3 que en el a\u00f1o 2012, bajo una administraci\u00f3n con rostro humano, se decide priorizar el bienestar animal, constituy\u00e9ndose as\u00ed la primera Unidad de Rescate, Rehabilitaci\u00f3n y Reubicaci\u00f3n de Fauna Silvestre, End\u00e9mica y Ex\u00f3tica de M\u00e9xico.<\/p>\n<p>Dicha unidad, dijo, tiene como principales funciones el recibir, alojar, alimentar, atender de forma m\u00e9dica, y conductualmente reubicar o liberar a los ejemplares.<\/p>\n<p>\u201cPara lograr este objetivo se pretende que opere de forma adecuada, ordenada y eficiente, requiriendo para ello que cuente con una personalidad y patrimonio propios que bajo objetivos plenamente definidos orienten sus programas de trabajo en beneficio de la fauna silvestre\u201d, abund\u00f3.<\/p>\n","protected":false},"excerpt":{"rendered":"<p>CENTRO HIST\u00d3RICO \u00a0\u00a0\u00a0\u00a0 Alcalde inform\u00f3 que trabajos llevan avance del 60 por ciento, aunque la parte inferior est\u00e1 casi terminada, s\u00f3lo falta la plancha y detalles de vista<\/p>\n","protected":false},"author":93,"featured_media":0,"comment_status":"open","ping_status":"open","sticky":false,"template":"","format":"standard","meta":{"footnotes":""},"categories":[59],"tags":[],"class_list":["post-16154","post","type-post","status-publish","format-standard","hentry","category-general"],"_links":{"self":[{"href":"https:\/\/plazajuarez.mx\/historico\/wp-json\/wp\/v2\/posts\/16154","targetHints":{"allow":["GET"]}}],"collection":[{"href":"https:\/\/plazajuarez.mx\/historico\/wp-json\/wp\/v2\/posts"}],"about":[{"href":"https:\/\/plazajuarez.mx\/historico\/wp-json\/wp\/v2\/types\/post"}],"author":[{"embeddable":true,"href":"https:\/\/plazajuarez.mx\/historico\/wp-json\/wp\/v2\/users\/93"}],"replies":[{"embeddable":true,"href":"https:\/\/plazajuarez.mx\/historico\/wp-json\/wp\/v2\/comments?post=16154"}],"version-history":[{"count":0,"href":"https:\/\/plazajuarez.mx\/historico\/wp-json\/wp\/v2\/posts\/16154\/revisions"}],"wp:attachment":[{"href":"https:\/\/plazajuarez.mx\/historico\/wp-json\/wp\/v2\/media?parent=16154"}],"wp:term":[{"taxonomy":"category","embeddable":true,"href":"https:\/\/plazajuarez.mx\/historico\/wp-json\/wp\/v2\/categories?post=16154"},{"taxonomy":"post_tag","embeddable":true,"href":"https:\/\/plazajuarez.mx\/historico\/wp-json\/wp\/v2\/tags?post=16154"}],"curies":[{"name":"wp","href":"https:\/\/api.w.org\/{rel}","templated":true}]}}