{"id":161463,"date":"2021-04-25T00:00:00","date_gmt":"2021-04-25T05:00:00","guid":{"rendered":"https:\/\/plazajuarez.mx\/?p=161463"},"modified":"2021-04-24T23:56:16","modified_gmt":"2021-04-25T04:56:16","slug":"ocuparia-francisco-xavier-primera-candidatura-pluri","status":"publish","type":"post","link":"https:\/\/plazajuarez.mx\/historico\/ocuparia-francisco-xavier-primera-candidatura-pluri\/","title":{"rendered":"Ocupar\u00eda Francisco Xavier primera candidatura pluri"},"content":{"rendered":"\n<p>Luego de que el Tribunal Estatal Electoral de Hidalgo (TEEH) mandatara al Instituto Estatal Electoral de Hidalgo (IEEH) que repusiera el proceso para la selecci\u00f3n de candidatos al partido del Movimiento de Regeneraci\u00f3n Nacional (Morena), la posici\u00f3n n\u00famero uno de la lista plurinominal podr\u00e1 ser ocupada por Francisco Xavier Berganza Escorza.<\/p>\n\n\n\n<p>De acuerdo con militantes del partido e informaci\u00f3n extraoficial, Morena har\u00e1 los ajustes necesarios para que se demuestre que se cumplen con las acciones afirmativas aprobadas en este proceso electoral y en favor de las mujeres, adultos mayores, j\u00f3venes, sector ind\u00edgena y la diversidad sexual, a fin de darle el primer lugar de la lista plurinominal a Francisco Xavier Berganza, pol\u00edtico y cantante hidalguense que ha buscado diversos cargos por distintos partidos pol\u00edticos.<\/p>\n\n\n\n<p>Por lo anterior, apuntaron que ser\u00e1 en breve cuando se anuncien las modificaciones hechas, y Morena tendr\u00e1 que explicar por qu\u00e9 dio prioridad a este perfil en un lugar que tiene alta probabilidad de llegar a ocupar una curul en el Congreso Local, y, sin embargo, no se eligi\u00f3 a \u201c verdaderos militantes\u201d del partido.<\/p>\n","protected":false},"excerpt":{"rendered":"<p>Luego de que el Tribunal Estatal Electoral de Hidalgo (TEEH) mandatara al Instituto Estatal Electoral de Hidalgo (IEEH) que repusiera el proceso para la selecci\u00f3n de candidatos al partido del Movimiento de Regeneraci\u00f3n Nacional (Morena), la posici\u00f3n n\u00famero uno de la lista plurinominal podr\u00e1 ser ocupada por Francisco Xavier Berganza Escorza. De acuerdo con militantes [&hellip;]<\/p>\n","protected":false},"author":72,"featured_media":161475,"comment_status":"closed","ping_status":"open","sticky":false,"template":"","format":"standard","meta":{"footnotes":""},"categories":[15,2154,59],"tags":[],"class_list":["post-161463","post","type-post","status-publish","format-standard","has-post-thumbnail","hentry","category-destacadas","category-elecciones21","category-general"],"_links":{"self":[{"href":"https:\/\/plazajuarez.mx\/historico\/wp-json\/wp\/v2\/posts\/161463","targetHints":{"allow":["GET"]}}],"collection":[{"href":"https:\/\/plazajuarez.mx\/historico\/wp-json\/wp\/v2\/posts"}],"about":[{"href":"https:\/\/plazajuarez.mx\/historico\/wp-json\/wp\/v2\/types\/post"}],"author":[{"embeddable":true,"href":"https:\/\/plazajuarez.mx\/historico\/wp-json\/wp\/v2\/users\/72"}],"replies":[{"embeddable":true,"href":"https:\/\/plazajuarez.mx\/historico\/wp-json\/wp\/v2\/comments?post=161463"}],"version-history":[{"count":0,"href":"https:\/\/plazajuarez.mx\/historico\/wp-json\/wp\/v2\/posts\/161463\/revisions"}],"wp:featuredmedia":[{"embeddable":true,"href":"https:\/\/plazajuarez.mx\/historico\/wp-json\/wp\/v2\/media\/161475"}],"wp:attachment":[{"href":"https:\/\/plazajuarez.mx\/historico\/wp-json\/wp\/v2\/media?parent=161463"}],"wp:term":[{"taxonomy":"category","embeddable":true,"href":"https:\/\/plazajuarez.mx\/historico\/wp-json\/wp\/v2\/categories?post=161463"},{"taxonomy":"post_tag","embeddable":true,"href":"https:\/\/plazajuarez.mx\/historico\/wp-json\/wp\/v2\/tags?post=161463"}],"curies":[{"name":"wp","href":"https:\/\/api.w.org\/{rel}","templated":true}]}}