{"id":16146,"date":"2016-01-21T12:39:14","date_gmt":"2016-01-21T12:39:14","guid":{"rendered":"http:\/\/plazajuarez.mx\/index\/index.php\/2016\/01\/21\/golpe-a-la-diputada-del-chapo\/"},"modified":"2016-01-21T12:39:14","modified_gmt":"2016-01-21T12:39:14","slug":"golpe-a-la-diputada-del-chapo","status":"publish","type":"post","link":"https:\/\/plazajuarez.mx\/historico\/golpe-a-la-diputada-del-chapo\/","title":{"rendered":"Golpe a la diputada del \u201cChapo\u201d"},"content":{"rendered":"<p>Bajo Reserva Expr\u00e9s\u00a0\u00a0 \u00a0<\/p>\n<p>  <!--more-->  <\/p>\n<p>En el reflector desde hace unos meses y no por su trabajo legislativo, la diputada local de Sinaloa Lucero Guadalupe S\u00e1nchez L\u00f3pez recibi\u00f3 hoy un duro golpe. <br \/>Nos dicen que ante la investigaci\u00f3n de la PGR por su relaci\u00f3n con Joaqu\u00edn Guzm\u00e1n Loera, &#8220;El Chapo&#8221;, recientemente recapturado, el PAN tom\u00f3 la determinaci\u00f3n de que la legisladora sea expulsada de la bancada en el Congreso sinaloense. <br \/>El PAN siempre argument\u00f3 que la diputada fue electa en una coalici\u00f3n con el partido local, el PAS, y que no era militante azul. Sin embargo, formaba parte del grupo parlamentario de Acci\u00f3n Nacional, situaci\u00f3n que generaba un v\u00ednculo directo con el partido. <br \/>Ante las declaraciones de la procuradora general de la Rep\u00fablica, Arely G\u00f3mez, a EL UNIVERSAL de que a ella se le investiga ante la presunci\u00f3n de que pas\u00f3 el fin de a\u00f1o con Guzm\u00e1n Loera y de que visit\u00f3 al capo cuando estaba preso en el penal del Altiplano, con una credencial de elector falsa, la direcci\u00f3n panista no tuvo m\u00e1s remedio que dejarla fuera de la bancada en Sinaloa. <br \/>En varios panistas exist\u00eda la preocupaci\u00f3n de que en medio de un a\u00f1o electoral complicado, la diputada S\u00e1nchez L\u00f3pez y su cercan\u00eda con \u201cEl Chapo\u201d se convirtieran en un frente de batalla y fuente de ataque de sus adversarios, nos comentan. \u00a0\u00a0 \u00a0\u00a0\u00a0 \u00a0<\/p>\n","protected":false},"excerpt":{"rendered":"<p>Bajo Reserva Expr\u00e9s\u00a0\u00a0 \u00a0<\/p>\n","protected":false},"author":93,"featured_media":0,"comment_status":"open","ping_status":"open","sticky":false,"template":"","format":"standard","meta":{"footnotes":""},"categories":[42],"tags":[],"class_list":["post-16146","post","type-post","status-publish","format-standard","hentry","category-nuestrapalabra"],"_links":{"self":[{"href":"https:\/\/plazajuarez.mx\/historico\/wp-json\/wp\/v2\/posts\/16146","targetHints":{"allow":["GET"]}}],"collection":[{"href":"https:\/\/plazajuarez.mx\/historico\/wp-json\/wp\/v2\/posts"}],"about":[{"href":"https:\/\/plazajuarez.mx\/historico\/wp-json\/wp\/v2\/types\/post"}],"author":[{"embeddable":true,"href":"https:\/\/plazajuarez.mx\/historico\/wp-json\/wp\/v2\/users\/93"}],"replies":[{"embeddable":true,"href":"https:\/\/plazajuarez.mx\/historico\/wp-json\/wp\/v2\/comments?post=16146"}],"version-history":[{"count":0,"href":"https:\/\/plazajuarez.mx\/historico\/wp-json\/wp\/v2\/posts\/16146\/revisions"}],"wp:attachment":[{"href":"https:\/\/plazajuarez.mx\/historico\/wp-json\/wp\/v2\/media?parent=16146"}],"wp:term":[{"taxonomy":"category","embeddable":true,"href":"https:\/\/plazajuarez.mx\/historico\/wp-json\/wp\/v2\/categories?post=16146"},{"taxonomy":"post_tag","embeddable":true,"href":"https:\/\/plazajuarez.mx\/historico\/wp-json\/wp\/v2\/tags?post=16146"}],"curies":[{"name":"wp","href":"https:\/\/api.w.org\/{rel}","templated":true}]}}