{"id":16145,"date":"2016-01-21T12:39:13","date_gmt":"2016-01-21T12:39:13","guid":{"rendered":"http:\/\/plazajuarez.mx\/index\/index.php\/2016\/01\/21\/el-regreso-de-la-dictadura-perfecta\/"},"modified":"2016-01-21T12:39:13","modified_gmt":"2016-01-21T12:39:13","slug":"el-regreso-de-la-dictadura-perfecta","status":"publish","type":"post","link":"https:\/\/plazajuarez.mx\/historico\/el-regreso-de-la-dictadura-perfecta\/","title":{"rendered":"El regreso de la dictadura perfecta"},"content":{"rendered":"<p>En Colima el PRI no es mayor\u00eda, pero el Poder Ejecutivo seguir\u00e1 en sus manos. El sexenio bajo la responsabilidad de Ignacio Peralta, con fecha de vencimiento en 2022, se sumar\u00e1 a los 23 gobiernos que el \u201cLeviat\u00e1n\u201d tricolor ha pose\u00eddo ininterrumpidamente en esa entidad desde 1927, cuando el gobernador Laureano Cervantes y los partidos locales: el Independiente y el Liberal Colimense, quedaron encuadrados dentro de la maquinaria electoral del estado posrevolucionario.<\/p>\n<p>  <!--more-->  <\/p>\n<p>La dinast\u00eda de estos gobiernos comenz\u00f3 con el abuelo, Partido Nacional Revolucionario (1929-1938), sigui\u00f3 con su v\u00e1stago, Partido de la Revoluci\u00f3n Mexicana (1938-1946) y su septuagenario nieto, el Revolucionario Institucional (1946-\u2026 \u00bfhasta la consumaci\u00f3n de los siglos?). La misma genealog\u00eda partidista habr\u00e1 gobernado la entidad 95 a\u00f1os, casi un siglo. Salvo las monarqu\u00edas sobrevivientes en algunas naciones, con casas reinantes centenarias, en el mundo republicano no hay nada semejante; ni siquiera las dictaduras de partido m\u00e1s longevas pueden presumir este r\u00e9cord de permanencia en el poder. \u00bfAlguien duda que estamos ante la dictadura perfecta? <br \/>Seg\u00fan los resultados preliminares oficiales, en la elecci\u00f3n extraordinaria de Colima, el partido m\u00e1s votado fue el PAN. Obtuvo 108 mil 604 sufragios (39.53%). Atr\u00e1s qued\u00f3 el PRI con 91 mil 566 votos, (33.33%). Les siguen: Movimiento Ciudadano, 33 mil 237 (12.09%), PVEM, 10 mil 647 (3.87%), Panal, 10 mil 607 (03.86%), PT, 5 mil 952 (02.16%). PRD, Morena y Encuentro Social no alcanzaron los m\u00ednimos necesarios para mantener su registro local. A pesar de que Acci\u00f3n Nacional es la fuerza pol\u00edtica con mayor respaldo popular su candidato no ser\u00e1 el pr\u00f3ximo gobernador. <br \/>Lo que favorece a \u201cNacho\u201d es la enga\u00f1ifa formada por tricolores, verdes, rojos y turquesas, juntos sumaron 118 mil 772 votos (43.23%). Esta jugada de apariencia aliancista es la \u00e9gida del PRI; la misma de las elecciones del a\u00f1o pasado para la renovaci\u00f3n de la C\u00e1mara de Diputados y en las elecciones locales. De esta manera, con el 29% de los votos, se hizo de la mayor\u00eda de las curules y reconstruy\u00f3 el control presidencial sobre el Congreso de la Uni\u00f3n. 7 de cada 10 mexicanos no vota por el PRI, pero este partido se ense\u00f1orea de la naci\u00f3n. La estrategia no es de factura reciente, la vienen aplicando y perfeccionando hace a\u00f1os, ello le ha permitido detentar muchos espacios de poder y conservar su condici\u00f3n hegem\u00f3nica en la pol\u00edtica mexicana, sin contar con el apoyo de \u201clas mayor\u00edas\u201d. <br \/>Es la aplicaci\u00f3n de la regla de oro: divide y vencer\u00e1s. El publicitado nuevo PRI no es una organizaci\u00f3n democr\u00e1tica moderna. Renov\u00f3 su modus operandi, de ser un aparato exclusivamente corporativo mut\u00f3 a holding multipartidaria. A trav\u00e9s de diversas fachadas, con agentes pol\u00edticos subordinados, recoge los votos de un electorado que mayoritariamente no lo respalda, pero los reconduce a su molino. Al mismo tiempo alimenta la pulverizaci\u00f3n de la oposici\u00f3n. Combate las alianzas entre el PAN y el PRD, al grado de cooptar a sus dirigentes para reventarlas. Con todas las herramientas del poder, legales e ilegales, sale avante en la competencia electoral. La perfidia del autoritarismo aut\u00f3ctono, bautizado por Vargas Llosa como dictadura perfecta, luce en estos d\u00edas en todo su esplendor. <br \/>A este escenario se a\u00f1aden las candidaturas independientes. La cerraz\u00f3n de las oligarqu\u00edas partidistas alimenta el fen\u00f3meno y no hay la menor duda que, en algunos casos, el propio PRI las prohijar\u00e1. Los mexicanos dem\u00f3cratas, la mayor\u00eda dispersa, deben hacer un alto en el camino. No es tiempo de mezquindades y narcisismos. Con altura de miras deben sumar fuerzas para evitar la consumaci\u00f3n de la brutal regresi\u00f3n autoritaria en marcha. <br \/>Twitter: @L_FBravoMena \u00a0\u00a0 \u00a0\u00a0\u00a0 \u00a0<\/p>\n","protected":false},"excerpt":{"rendered":"<p>En Colima el PRI no es mayor\u00eda, pero el Poder Ejecutivo seguir\u00e1 en sus manos. El sexenio bajo la responsabilidad de Ignacio Peralta, con fecha de vencimiento en 2022, se sumar\u00e1 a los 23 gobiernos que el \u201cLeviat\u00e1n\u201d tricolor ha pose\u00eddo ininterrumpidamente en esa entidad desde 1927, cuando el gobernador Laureano Cervantes y los partidos [&hellip;]<\/p>\n","protected":false},"author":93,"featured_media":0,"comment_status":"open","ping_status":"open","sticky":false,"template":"","format":"standard","meta":{"footnotes":""},"categories":[42],"tags":[],"class_list":["post-16145","post","type-post","status-publish","format-standard","hentry","category-nuestrapalabra"],"_links":{"self":[{"href":"https:\/\/plazajuarez.mx\/historico\/wp-json\/wp\/v2\/posts\/16145","targetHints":{"allow":["GET"]}}],"collection":[{"href":"https:\/\/plazajuarez.mx\/historico\/wp-json\/wp\/v2\/posts"}],"about":[{"href":"https:\/\/plazajuarez.mx\/historico\/wp-json\/wp\/v2\/types\/post"}],"author":[{"embeddable":true,"href":"https:\/\/plazajuarez.mx\/historico\/wp-json\/wp\/v2\/users\/93"}],"replies":[{"embeddable":true,"href":"https:\/\/plazajuarez.mx\/historico\/wp-json\/wp\/v2\/comments?post=16145"}],"version-history":[{"count":0,"href":"https:\/\/plazajuarez.mx\/historico\/wp-json\/wp\/v2\/posts\/16145\/revisions"}],"wp:attachment":[{"href":"https:\/\/plazajuarez.mx\/historico\/wp-json\/wp\/v2\/media?parent=16145"}],"wp:term":[{"taxonomy":"category","embeddable":true,"href":"https:\/\/plazajuarez.mx\/historico\/wp-json\/wp\/v2\/categories?post=16145"},{"taxonomy":"post_tag","embeddable":true,"href":"https:\/\/plazajuarez.mx\/historico\/wp-json\/wp\/v2\/tags?post=16145"}],"curies":[{"name":"wp","href":"https:\/\/api.w.org\/{rel}","templated":true}]}}