{"id":16144,"date":"2016-01-21T12:38:31","date_gmt":"2016-01-21T12:38:31","guid":{"rendered":"http:\/\/plazajuarez.mx\/index\/index.php\/2016\/01\/21\/el-legado-del-premio-nobel-de-la-paz-barack-obama\/"},"modified":"2016-01-21T12:38:31","modified_gmt":"2016-01-21T12:38:31","slug":"el-legado-del-premio-nobel-de-la-paz-barack-obama","status":"publish","type":"post","link":"https:\/\/plazajuarez.mx\/historico\/el-legado-del-premio-nobel-de-la-paz-barack-obama\/","title":{"rendered":"El legado del Premio Nobel de la Paz Barack Obama"},"content":{"rendered":"<p>Cuando se anunci\u00f3 que Barack Obama recibir\u00eda el Premio Nobel de la Paz en 2009, no hab\u00eda cumplido ni siquiera nueve meses en la Presidencia de EU. El Comit\u00e9 Noruego del Premio Nobel hab\u00eda sucumbido a la ola de simpat\u00eda que despert\u00f3 el primer presidente afroamericano, uno que estaba dispuesto a romper con el legado belicista de su predecesor George W. Bush.<\/p>\n<p>  <!--more-->  <\/p>\n<p>Para quienes fuimos sorprendidos por esta decisi\u00f3n, interpretamos m\u00e1s esta decisi\u00f3n como una condena a la pol\u00edtica de Bush que como un reconocimiento a la pol\u00edtica de Obama, en ese momento a\u00fan en pa\u00f1ales. <br \/>Cumplido el s\u00e9ptimo aniversario en la Casa Blanca, hoy podemos mirar con perspectiva la pol\u00edtica exterior del presidente Obama, y calificar con m\u00e1s elementos su herencia. Por lo menos, con muchos m\u00e1s de los que tuvieron en su momento los aventurados y precipitados miembros del Comit\u00e9 Noruego. <br \/>En su discurso en Oslo, Obama se\u00f1al\u00f3 cuatro prioridades en su visi\u00f3n de la paz mundial. La primera, el esfuerzo de construir \u201cuna nueva era de compromiso en donde todas las naciones asuman la responsabilidad que les corresponde en el mundo que buscamos. No podemos tolerar un mundo en donde las armas nucleares proliferen (\u2026). Y es por eso que hemos iniciado pasos concretos para lograr un mundo sin armas nucleares.\u201d En este \u00e1mbito, podemos apreciar avances relevantes con Ir\u00e1n, los cuales no hubieran sido posibles sin el compromiso de los Estados Unidos, aunque el reciente ensayo nuclear norcoreano nos permite concluir que todav\u00eda falta mucho para hacer realidad esta noble aspiraci\u00f3n. <br \/>La segunda prioridad fue \u201cla creciente amenaza que representa el cambio clim\u00e1tico\u201d. El hist\u00f3rico Acuerdo de Par\u00eds del pasado 12 de diciembre, fruto de la Convenci\u00f3n Marco de las Naciones Unidas sobre el Cambio Clim\u00e1tico, responde a esta aspiraci\u00f3n global y define el primer compromiso mundial para enfrentar este gigantesco reto. Muchos factores est\u00e1n detr\u00e1s de este gran logro diplom\u00e1tico, sin duda el liderazgo de Obama es uno de ellos. <br \/>La tercera prioridad fue \u201cel no permitir que las diferencias entre los pueblos definan la forma como nos vemos unos a otros, y es por ello que debemos perseguir un nuevo comienzo entre pueblos y distintas creencias, razas y religiones; uno basado en el inter\u00e9s com\u00fan y el respeto mutuo\u201d. En este \u00e1mbito, el mundo que observamos queda lejos de la aspiraci\u00f3n inaugural del presidente estadounidense. El miedo, la intolerancia y el conflicto entre civilizaciones se han avivado desde aquel profundo discurso, que quiz\u00e1 pec\u00f3 de ingenuo o de inexperiencia en los entresijos de la pol\u00edtica internacional. Si bien Obama cumpli\u00f3 con su compromiso de evacuar Afganist\u00e1n, no por ello apacigu\u00f3 la regi\u00f3n. Y pasar a la historia como el mayor deportador de migrantes lo aleja de ese mundo en armon\u00eda que anunciaba con bombo y platillo y que se premiaba con el Nobel de la Paz. <br \/>Por \u00faltimo, Obama pidi\u00f3 en ese momento \u201cun inquebrantable compromiso que permita que israel\u00edes y palestinos vivan en paz y en seguridad dentro de sus propias naciones\u201d. Con un di\u00e1logo pol\u00edtico Estados Unidos-Israel estancado, y una regi\u00f3n medio oriental cada vez m\u00e1s inestable, nos permite concluir que la realidad despu\u00e9s de siete a\u00f1os de gobierno qued\u00f3 muy lejos de las leg\u00edtimas aspiraciones de uno de los presidentes norteamericanos con menor experiencia diplom\u00e1tica. <br \/>No cumplir con el cierre de Guant\u00e1namo. Dejar correr el conflicto sirio. Ufanarse del poder del arsenal militar de EU en su \u00faltimo Informe de Gobierno. Son hechos que de haberse conocido, quiz\u00e1 hubieran cambiado la decisi\u00f3n de octubre de 2009. Empatar realidad y proyecto ser\u00eda un mejor criterio para otorgar un Premio Nobel de la Paz. El tiempo es siempre mejor testigo que el discurso para evaluar al mundo que tenemos frente a nosotros. \u00a0\u00a0 \u00a0\u00a0\u00a0 \u00a0<\/p>\n","protected":false},"excerpt":{"rendered":"<p>Cuando se anunci\u00f3 que Barack Obama recibir\u00eda el Premio Nobel de la Paz en 2009, no hab\u00eda cumplido ni siquiera nueve meses en la Presidencia de EU. El Comit\u00e9 Noruego del Premio Nobel hab\u00eda sucumbido a la ola de simpat\u00eda que despert\u00f3 el primer presidente afroamericano, uno que estaba dispuesto a romper con el legado [&hellip;]<\/p>\n","protected":false},"author":93,"featured_media":0,"comment_status":"open","ping_status":"open","sticky":false,"template":"","format":"standard","meta":{"footnotes":""},"categories":[42],"tags":[],"class_list":["post-16144","post","type-post","status-publish","format-standard","hentry","category-nuestrapalabra"],"_links":{"self":[{"href":"https:\/\/plazajuarez.mx\/historico\/wp-json\/wp\/v2\/posts\/16144","targetHints":{"allow":["GET"]}}],"collection":[{"href":"https:\/\/plazajuarez.mx\/historico\/wp-json\/wp\/v2\/posts"}],"about":[{"href":"https:\/\/plazajuarez.mx\/historico\/wp-json\/wp\/v2\/types\/post"}],"author":[{"embeddable":true,"href":"https:\/\/plazajuarez.mx\/historico\/wp-json\/wp\/v2\/users\/93"}],"replies":[{"embeddable":true,"href":"https:\/\/plazajuarez.mx\/historico\/wp-json\/wp\/v2\/comments?post=16144"}],"version-history":[{"count":0,"href":"https:\/\/plazajuarez.mx\/historico\/wp-json\/wp\/v2\/posts\/16144\/revisions"}],"wp:attachment":[{"href":"https:\/\/plazajuarez.mx\/historico\/wp-json\/wp\/v2\/media?parent=16144"}],"wp:term":[{"taxonomy":"category","embeddable":true,"href":"https:\/\/plazajuarez.mx\/historico\/wp-json\/wp\/v2\/categories?post=16144"},{"taxonomy":"post_tag","embeddable":true,"href":"https:\/\/plazajuarez.mx\/historico\/wp-json\/wp\/v2\/tags?post=16144"}],"curies":[{"name":"wp","href":"https:\/\/api.w.org\/{rel}","templated":true}]}}