{"id":16143,"date":"2016-01-21T12:38:12","date_gmt":"2016-01-21T12:38:12","guid":{"rendered":"http:\/\/plazajuarez.mx\/index\/index.php\/2016\/01\/21\/nueva-constitucion-nueva-ciudad-de-mexico\/"},"modified":"2016-01-21T12:38:12","modified_gmt":"2016-01-21T12:38:12","slug":"nueva-constitucion-nueva-ciudad-de-mexico","status":"publish","type":"post","link":"https:\/\/plazajuarez.mx\/historico\/nueva-constitucion-nueva-ciudad-de-mexico\/","title":{"rendered":"Nueva Constituci\u00f3n, nueva Ciudad de M\u00e9xico"},"content":{"rendered":"<p>Despu\u00e9s de varios a\u00f1os de debate acad\u00e9mico y doctrinario y de dos a\u00f1os de discusi\u00f3n pol\u00edtica, este mi\u00e9rcoles el Congreso hizo la declaratoria de constitucionalidad de la reforma pol\u00edtica del DF<\/p>\n<p>  <!--more-->  <\/p>\n<p>Uno de los temas cruciales del federalismo es determinar el lugar de los poderes federales. Estados Unidos, el m\u00e1s antiguo Estado federal, tuvo serios problemas para designar el lugar donde despachar\u00edan el presidente, los integrantes de la Suprema Corte y los diputados y senadores. Gracias a una sesi\u00f3n territorial de los estados de Maryland y Virginia en 1800, la sede federal se estableci\u00f3 en Washington DC, trece a\u00f1os despu\u00e9s de promulgada la Constituci\u00f3n. <br \/>En M\u00e9xico no se tuvo ese problema, los poderes federales se asentaron en el centro pol\u00edtico, hist\u00f3rico, cultural, social y econ\u00f3mico. La ciudad de M\u00e9xico ha sido el eje del pa\u00eds. No s\u00f3lo el asiento pol\u00edtico de los poderes federales, sino algo m\u00e1s: el coraz\u00f3n mismo de la naci\u00f3n. <br \/>En alg\u00fan momento durante las deliberaciones de la Constituci\u00f3n de 1824, se discuti\u00f3 si la ciudad de Quer\u00e9taro ser\u00eda el sitio para ubicar a los poderes federales. La propuesta desechada llev\u00f3 a determinar que \u201cla Ciudad de M\u00e9xico es el Distrito Federal\u201d como dice textual la Constituci\u00f3n que ahora se reforma. <br \/>Si bien digna de emulaci\u00f3n, la ciudad ten\u00eda pol\u00edticamente una estatura disminuida y sus habitantes una capitis diminutio. No pod\u00edan elegir gobernador, ni disponer de municipios libres, ni elegir alcaldes y regidores, ni tener un Poder Legislativo. Sede de los poderes, pero sin una Constituci\u00f3n. Esto no fue \u00f3bice para que algunas de las iniciativas m\u00e1s avanzadas del pa\u00eds hayan surgido en el DF: la interrupci\u00f3n legal del embarazo, el matrimonio entre personas del mismo sexo, la entidad pionera en los juicios orales en materia mercantil, civil y penal, la pensi\u00f3n alimentaria mensual para adultos mayores y otras pendientes. <br \/>Despu\u00e9s de varios a\u00f1os de debate acad\u00e9mico y doctrinario y de dos a\u00f1os de discusi\u00f3n pol\u00edtica, este mi\u00e9rcoles el Congreso hizo la declaratoria de constitucionalidad de la reforma pol\u00edtica del DF. <br \/>La integraci\u00f3n de la asamblea constituyente combina varios m\u00e9todos: elecci\u00f3n bajo el sistema de representaci\u00f3n proporcional (sesenta), designaci\u00f3n de catorce diputados y catorce senadores, nombramiento a dedo de seis diputados por el Presidente y seis por el jefe de Gobierno. Se objetar\u00e1 porque no se votaron los cien cargos por m\u00e9todos de democracia directa, pero la pol\u00edtica no es lo que aconsejan los libros sino lo negociable. <br \/>Con un dejo de demagogia se ha declarado que los constituyentes no cobrar\u00e1n por su trabajo. Parece l\u00f3gico que quienes ya se desempe\u00f1an como diputados y senadores no cobren, \u00bfpero los dem\u00e1s? La misma Constituci\u00f3n da la regla: \u201cnadie puede ser obligado a prestar trabajos personales sin la justa retribuci\u00f3n\u2026\u201d El trabajo de una asamblea constituyente requiere destrezas pol\u00edticas, pero tambi\u00e9n jur\u00eddicas. Un conocimiento de las necesidades de la ciudad y del papel que la sede de los poderes juega en el conjunto federal del pa\u00eds. No pagar por su trabajo resultar\u00e1 inconstitucional. <br \/>La tarea de la asamblea ser\u00e1 producir la Constituci\u00f3n de la Ciudad de M\u00e9xico a partir de una iniciativa del jefe de Gobierno. Tendr\u00e1 una tarea m\u00e1s relevante a\u00fan: inaugurar el nuevo constitucionalismo mexicano. Con su ejemplo podr\u00e1 iniciarse un movimiento para la conformaci\u00f3n de verdaderas constituciones estatales que dejen de ser las hermanas menores de la Constituci\u00f3n general, meros tr\u00e1mites burocr\u00e1ticos, copias casi textuales de la Constituci\u00f3n de 1917. El texto federal est\u00e1 cercano a cumplir 100 a\u00f1os. Muy venerable sin duda, pero obsoleto y lleno de parches. 100 a\u00f1os es buen momento para repensar qu\u00e9 seguir\u00e1 constitucionalmente en el pa\u00eds. <br \/>Los diputados constituyentes de la Ciudad de M\u00e9xico tienen enfrente una p\u00e1gina de la historia constitucional del pa\u00eds. Se conf\u00eda que pondr\u00e1n lo mejor de sus capacidades y talentos. <br \/>Twitter: @MarioMelgarA \u00a0\u00a0 \u00a0\u00a0\u00a0 \u00a0<\/p>\n","protected":false},"excerpt":{"rendered":"<p>Despu\u00e9s de varios a\u00f1os de debate acad\u00e9mico y doctrinario y de dos a\u00f1os de discusi\u00f3n pol\u00edtica, este mi\u00e9rcoles el Congreso hizo la declaratoria de constitucionalidad de la reforma pol\u00edtica del DF<\/p>\n","protected":false},"author":93,"featured_media":0,"comment_status":"open","ping_status":"open","sticky":false,"template":"","format":"standard","meta":{"footnotes":""},"categories":[42],"tags":[],"class_list":["post-16143","post","type-post","status-publish","format-standard","hentry","category-nuestrapalabra"],"_links":{"self":[{"href":"https:\/\/plazajuarez.mx\/historico\/wp-json\/wp\/v2\/posts\/16143","targetHints":{"allow":["GET"]}}],"collection":[{"href":"https:\/\/plazajuarez.mx\/historico\/wp-json\/wp\/v2\/posts"}],"about":[{"href":"https:\/\/plazajuarez.mx\/historico\/wp-json\/wp\/v2\/types\/post"}],"author":[{"embeddable":true,"href":"https:\/\/plazajuarez.mx\/historico\/wp-json\/wp\/v2\/users\/93"}],"replies":[{"embeddable":true,"href":"https:\/\/plazajuarez.mx\/historico\/wp-json\/wp\/v2\/comments?post=16143"}],"version-history":[{"count":0,"href":"https:\/\/plazajuarez.mx\/historico\/wp-json\/wp\/v2\/posts\/16143\/revisions"}],"wp:attachment":[{"href":"https:\/\/plazajuarez.mx\/historico\/wp-json\/wp\/v2\/media?parent=16143"}],"wp:term":[{"taxonomy":"category","embeddable":true,"href":"https:\/\/plazajuarez.mx\/historico\/wp-json\/wp\/v2\/categories?post=16143"},{"taxonomy":"post_tag","embeddable":true,"href":"https:\/\/plazajuarez.mx\/historico\/wp-json\/wp\/v2\/tags?post=16143"}],"curies":[{"name":"wp","href":"https:\/\/api.w.org\/{rel}","templated":true}]}}