{"id":16140,"date":"2016-01-21T12:36:38","date_gmt":"2016-01-21T12:36:38","guid":{"rendered":"http:\/\/plazajuarez.mx\/index\/index.php\/2016\/01\/21\/la-fotografa-leila-alaoui-fallece-en-atentado-al-qaeda\/"},"modified":"2016-01-21T12:36:38","modified_gmt":"2016-01-21T12:36:38","slug":"la-fotografa-leila-alaoui-fallece-en-atentado-al-qaeda","status":"publish","type":"post","link":"https:\/\/plazajuarez.mx\/historico\/la-fotografa-leila-alaoui-fallece-en-atentado-al-qaeda\/","title":{"rendered":"La fot\u00f3grafa Leila Alaoui fallece en atentado Al Qaeda"},"content":{"rendered":"<p>Un grupo de terroristas acab\u00f3 con su vida, y la de una treintena m\u00e1s de personas, en un hotel de Uagadug\u00fa<\/p>\n<p>  <!--more-->  <\/p>\n<p>\u00a0<\/p>\n<p>La fot\u00f3grafa Leila Alaoui ha sido asesinada en Burkina Faso. Junto a m\u00e1s de 30 personas que se encontraban en el Hotel Splendid de Uagadug\u00fa (capital del pa\u00eds), Alaoui ha perdido la vida despu\u00e9s de tres d\u00edas agonizando por las heridas causadas por los terroristas. La fot\u00f3grafa hab\u00eda acudido al pa\u00eds africano para cumplir con un trabajo de Amnist\u00eda Internacional y result\u00f3 gravemente herida en un ataque que se atribuye a Al Qaeda.<\/p>\n<p>No obstante, Alaoui ha dejado una huella en el mundo que los yihadistas nunca podr\u00e1n borrar. Con sus fotograf\u00edas, la franco-marroqu\u00ed alab\u00f3 la multiculturalidad y denunci\u00f3 a los mismos que acabaron mat\u00e1ndola.<\/p>\n<p>Aunque naci\u00f3 en 1982 en Par\u00eds, Leila Alaoui pas\u00f3 gran parte de su infancia en Marrakech y m\u00e1s tarde se march\u00f3 a Nueva York, donde estudi\u00f3 fotograf\u00eda en la City University de la universidad. Su vida viajera le sirvi\u00f3 para enamorarse de la multitud de culturas que habitan en la Tierra, lo que la impuls\u00f3 a recorrer toda \u00c1frica para llevar a cabo sus trabajos fotogr\u00e1ficos.<\/p>\n<p>Hasta el 17 de enero de este mismo a\u00f1o, Alaoui expon\u00eda su galer\u00eda The Moroccans en Par\u00eds. En esta exposici\u00f3n, la fot\u00f3grafa buscaba, seg\u00fan ella misma, \u201c dignificar a los modelos, dejando atr\u00e1s los clich\u00e9s etnocentristas y orientalistas sobre Marruecos\u201d.<\/p>\n<p>En sus im\u00e1genes vemos a los retratados vistiendo ropas tradicionales de sus respectivas culturas, port\u00e1ndolos con honor y mostrando la riqueza de sus costumbres . En la exposici\u00f3n se muestra una diversidad en peligro de extinci\u00f3n, tanto por la globalizaci\u00f3n como por los extremismos que se llevaron por delante la vida de la propia autora.<\/p>\n<p>Adem\u00e1s de dedicarse a la fotograf\u00eda, Alaoui trabaj\u00f3 con medios audiovisuales, participando en festivales de cine como Video Forever en Par\u00eds, Cairo Video Festival o Now&amp;After en Russia.<\/p>\n<p>\u00a0<\/p>\n<p>\u00a0<\/p>\n<p>\u00a0<\/p>\n","protected":false},"excerpt":{"rendered":"<p>Un grupo de terroristas acab\u00f3 con su vida, y la de una treintena m\u00e1s de personas, en un hotel de Uagadug\u00fa<\/p>\n","protected":false},"author":93,"featured_media":0,"comment_status":"open","ping_status":"open","sticky":false,"template":"","format":"standard","meta":{"footnotes":""},"categories":[41],"tags":[],"class_list":["post-16140","post","type-post","status-publish","format-standard","hentry","category-arteria-cultural"],"_links":{"self":[{"href":"https:\/\/plazajuarez.mx\/historico\/wp-json\/wp\/v2\/posts\/16140","targetHints":{"allow":["GET"]}}],"collection":[{"href":"https:\/\/plazajuarez.mx\/historico\/wp-json\/wp\/v2\/posts"}],"about":[{"href":"https:\/\/plazajuarez.mx\/historico\/wp-json\/wp\/v2\/types\/post"}],"author":[{"embeddable":true,"href":"https:\/\/plazajuarez.mx\/historico\/wp-json\/wp\/v2\/users\/93"}],"replies":[{"embeddable":true,"href":"https:\/\/plazajuarez.mx\/historico\/wp-json\/wp\/v2\/comments?post=16140"}],"version-history":[{"count":0,"href":"https:\/\/plazajuarez.mx\/historico\/wp-json\/wp\/v2\/posts\/16140\/revisions"}],"wp:attachment":[{"href":"https:\/\/plazajuarez.mx\/historico\/wp-json\/wp\/v2\/media?parent=16140"}],"wp:term":[{"taxonomy":"category","embeddable":true,"href":"https:\/\/plazajuarez.mx\/historico\/wp-json\/wp\/v2\/categories?post=16140"},{"taxonomy":"post_tag","embeddable":true,"href":"https:\/\/plazajuarez.mx\/historico\/wp-json\/wp\/v2\/tags?post=16140"}],"curies":[{"name":"wp","href":"https:\/\/api.w.org\/{rel}","templated":true}]}}