{"id":161320,"date":"2021-04-23T10:18:53","date_gmt":"2021-04-23T15:18:53","guid":{"rendered":"https:\/\/plazajuarez.mx\/?p=161320"},"modified":"2021-04-23T10:19:07","modified_gmt":"2021-04-23T15:19:07","slug":"indigenas-hidalguenses-marcharan-a-cdmx-para-protestar-contra-la-cfe","status":"publish","type":"post","link":"https:\/\/plazajuarez.mx\/historico\/indigenas-hidalguenses-marcharan-a-cdmx-para-protestar-contra-la-cfe\/","title":{"rendered":"Ind\u00edgenas hidalguenses marchar\u00e1n a CDMX para protestar contra la CFE"},"content":{"rendered":"\n<p><strong>Nicol\u00e1s Flores<\/strong><\/p>\n\n\n\n<p>La semana entrante&nbsp;pobladores de las localidades ind\u00edgenas de Las&nbsp;&nbsp;Pilas, Segundo Pilas, Zoyatal y Puerto de Piedra,&nbsp; de Nicol\u00e1s Flores realizar\u00e1n&nbsp;&nbsp;una marcha de protesta a la CDMX, contra l Comisi\u00f3n Federal de Electricidad (CFE), responsable del incendio forestal registrado el a\u00f1o pasado en estas localidades, afectando a cerca de 100 familias.&nbsp;<\/p>\n\n\n\n<p>A m\u00e1s de un a\u00f1o de los hechos y de un peritaje, la CFE, sostuvo que no tuvo ninguna responsabilidad en el siniestro y luego de todos estos meses de espera, se le inform\u00f3 a los damnificados, que no habr\u00e1 indemnizaci\u00f3n.&nbsp;<\/p>\n\n\n\n<p>Entre las acciones, iniciar\u00e1n una queja ante la Comisi\u00f3n Nacional de Derechos Humanos, debido a que la CFE, se le solicit\u00f3 (previo al siniestro) retirar rampas de \u00e1rboles que chocaban con los cables de alta tensi\u00f3n, al no hacerlo, se registr\u00f3 un incendio que se propag\u00f3 a todas estas comunidades.<\/p>\n\n\n\n<p>Cien familias perdieron su patrimonio, casas, autos, ganado, cosechas, entre otros bienes, dej\u00e1ndolos en el desamparo.&nbsp;<\/p>\n\n\n\n<p>Desde entonces iniciaron una demanda y realizaron diversas reuniones, que derivaron en un peritaje, que arroj\u00f3 que supuestamente la paraestatal, no tuvo ninguna responsabilidad.&nbsp;<\/p>\n","protected":false},"excerpt":{"rendered":"<p>Nicol\u00e1s Flores La semana entrante&nbsp;pobladores de las localidades ind\u00edgenas de Las&nbsp;&nbsp;Pilas, Segundo Pilas, Zoyatal y Puerto de Piedra,&nbsp; de Nicol\u00e1s Flores realizar\u00e1n&nbsp;&nbsp;una marcha de protesta a la CDMX, contra l Comisi\u00f3n Federal de Electricidad (CFE), responsable del incendio forestal registrado el a\u00f1o pasado en estas localidades, afectando a cerca de 100 familias.&nbsp; A m\u00e1s de [&hellip;]<\/p>\n","protected":false},"author":75,"featured_media":161321,"comment_status":"closed","ping_status":"open","sticky":false,"template":"","format":"standard","meta":{"footnotes":""},"categories":[40],"tags":[],"class_list":["post-161320","post","type-post","status-publish","format-standard","has-post-thumbnail","hentry","category-region"],"_links":{"self":[{"href":"https:\/\/plazajuarez.mx\/historico\/wp-json\/wp\/v2\/posts\/161320","targetHints":{"allow":["GET"]}}],"collection":[{"href":"https:\/\/plazajuarez.mx\/historico\/wp-json\/wp\/v2\/posts"}],"about":[{"href":"https:\/\/plazajuarez.mx\/historico\/wp-json\/wp\/v2\/types\/post"}],"author":[{"embeddable":true,"href":"https:\/\/plazajuarez.mx\/historico\/wp-json\/wp\/v2\/users\/75"}],"replies":[{"embeddable":true,"href":"https:\/\/plazajuarez.mx\/historico\/wp-json\/wp\/v2\/comments?post=161320"}],"version-history":[{"count":0,"href":"https:\/\/plazajuarez.mx\/historico\/wp-json\/wp\/v2\/posts\/161320\/revisions"}],"wp:featuredmedia":[{"embeddable":true,"href":"https:\/\/plazajuarez.mx\/historico\/wp-json\/wp\/v2\/media\/161321"}],"wp:attachment":[{"href":"https:\/\/plazajuarez.mx\/historico\/wp-json\/wp\/v2\/media?parent=161320"}],"wp:term":[{"taxonomy":"category","embeddable":true,"href":"https:\/\/plazajuarez.mx\/historico\/wp-json\/wp\/v2\/categories?post=161320"},{"taxonomy":"post_tag","embeddable":true,"href":"https:\/\/plazajuarez.mx\/historico\/wp-json\/wp\/v2\/tags?post=161320"}],"curies":[{"name":"wp","href":"https:\/\/api.w.org\/{rel}","templated":true}]}}