{"id":161248,"date":"2021-04-23T07:18:12","date_gmt":"2021-04-23T12:18:12","guid":{"rendered":"https:\/\/plazajuarez.mx\/?p=161248"},"modified":"2021-04-23T07:18:27","modified_gmt":"2021-04-23T12:18:27","slug":"acuerdo-de-escazu-entro-en-vigor-perez-perusquia","status":"publish","type":"post","link":"https:\/\/plazajuarez.mx\/historico\/acuerdo-de-escazu-entro-en-vigor-perez-perusquia\/","title":{"rendered":"ACUERDO DE ESCAZ\u00da ENTR\u00d3 EN VIGOR: P\u00c9REZ PERUSQU\u00cdA"},"content":{"rendered":"\n<p>La presidenta de la Comisi\u00f3n de Medio Ambiente, Recursos Naturales y Cambio Clim\u00e1tico del Congreso local, Mar\u00eda Luisa P\u00e9rez Perusqu\u00eda, inform\u00f3 a trav\u00e9s de sus redes sociales que el Acuerdo Regional sobre Acceso a la Informaci\u00f3n, la Participaci\u00f3n P\u00fablica y el Acceso a la Justicia en Asuntos Ambientales en Am\u00e9rica Latina y el Caribe, conocido como Acuerdo de Escaz\u00fa, entr\u00f3 en vigor ayer.<\/p>\n\n\n\n<p>\u201cHoy (ayer) 22 de abril, conmemoramos el D\u00eda Internacional de la Madre Tierra y lo hacemos con una excelente noticia ya que esta fecha coincide con la entrada en vigor del Acuerdo de Escaz\u00fa\u201d, inform\u00f3 P\u00e9rez Perusqu\u00eda.<\/p>\n\n\n\n<p>Este importante acuerdo, explic\u00f3, \u201cfue adoptado en 2018 y ratificado por M\u00e9xico en noviembre de 2020, siendo el onceavo pa\u00eds en hacerlo, posibilitando as\u00ed su entrada en vigor\u201d.<\/p>\n\n\n\n<p>\u201cEs el primer acuerdo ambiental de la regi\u00f3n de Am\u00e9rica Latina y el Caribe y el \u00fanico en su tipo en el mundo, ya que contiene disposiciones espec\u00edficas sobre defensores de derechos humanos en asuntos ambientales\u201d, precis\u00f3.<\/p>\n","protected":false},"excerpt":{"rendered":"<p>La presidenta de la Comisi\u00f3n de Medio Ambiente, Recursos Naturales y Cambio Clim\u00e1tico del Congreso local, Mar\u00eda Luisa P\u00e9rez Perusqu\u00eda, inform\u00f3 a trav\u00e9s de sus redes sociales que el Acuerdo Regional sobre Acceso a la Informaci\u00f3n, la Participaci\u00f3n P\u00fablica y el Acceso a la Justicia en Asuntos Ambientales en Am\u00e9rica Latina y el Caribe, conocido [&hellip;]<\/p>\n","protected":false},"author":93,"featured_media":161249,"comment_status":"closed","ping_status":"open","sticky":false,"template":"","format":"standard","meta":{"footnotes":""},"categories":[59],"tags":[],"class_list":["post-161248","post","type-post","status-publish","format-standard","has-post-thumbnail","hentry","category-general"],"_links":{"self":[{"href":"https:\/\/plazajuarez.mx\/historico\/wp-json\/wp\/v2\/posts\/161248","targetHints":{"allow":["GET"]}}],"collection":[{"href":"https:\/\/plazajuarez.mx\/historico\/wp-json\/wp\/v2\/posts"}],"about":[{"href":"https:\/\/plazajuarez.mx\/historico\/wp-json\/wp\/v2\/types\/post"}],"author":[{"embeddable":true,"href":"https:\/\/plazajuarez.mx\/historico\/wp-json\/wp\/v2\/users\/93"}],"replies":[{"embeddable":true,"href":"https:\/\/plazajuarez.mx\/historico\/wp-json\/wp\/v2\/comments?post=161248"}],"version-history":[{"count":0,"href":"https:\/\/plazajuarez.mx\/historico\/wp-json\/wp\/v2\/posts\/161248\/revisions"}],"wp:featuredmedia":[{"embeddable":true,"href":"https:\/\/plazajuarez.mx\/historico\/wp-json\/wp\/v2\/media\/161249"}],"wp:attachment":[{"href":"https:\/\/plazajuarez.mx\/historico\/wp-json\/wp\/v2\/media?parent=161248"}],"wp:term":[{"taxonomy":"category","embeddable":true,"href":"https:\/\/plazajuarez.mx\/historico\/wp-json\/wp\/v2\/categories?post=161248"},{"taxonomy":"post_tag","embeddable":true,"href":"https:\/\/plazajuarez.mx\/historico\/wp-json\/wp\/v2\/tags?post=161248"}],"curies":[{"name":"wp","href":"https:\/\/api.w.org\/{rel}","templated":true}]}}