{"id":161245,"date":"2021-04-23T07:14:22","date_gmt":"2021-04-23T12:14:22","guid":{"rendered":"https:\/\/plazajuarez.mx\/?p=161245"},"modified":"2021-04-23T07:14:38","modified_gmt":"2021-04-23T12:14:38","slug":"retratos-hablados-1051","status":"publish","type":"post","link":"https:\/\/plazajuarez.mx\/historico\/retratos-hablados-1051\/","title":{"rendered":"RETRATOS HABLADOS"},"content":{"rendered":"\n<h2 class=\"wp-block-heading\"><strong>Empresas pol\u00edticas que dan buen dinero<\/strong><\/h2>\n\n\n\n<p>La inclusi\u00f3n de Canek V\u00e1zquez G\u00f3ngora en la primer\u00edsima posici\u00f3n de aspirantes del Verde Ecologista a una diputaci\u00f3n local por la v\u00eda plurinominal, hacen ver una lamentable realidad en la pol\u00edtica que siempre ha existido en torno a institutos pol\u00edticos que en t\u00e9rminos reales no representan a nadie, pero que s\u00ed resultan un negocio redondo para sus creadores. Mismo caso es el del PT y otras franquicias que se rentan al mejor postor.<\/p>\n\n\n\n<p>V\u00e1zquez G\u00f3ngora de ninguna manera desea ser representante popular. No le interesa, lo considera una afrenta a su alcurnia de pol\u00edtico de altos vuelos, pero sin embargo la acepta porque est\u00e1 cierto que en alg\u00fan momento puede servirle para escalar en su proyecto de buscar la primera magistratura de Hidalgo.<\/p>\n\n\n\n<p>El Verde Ecologista de los Gonz\u00e1lez Torres, simplemente decidi\u00f3 que resultaba un buen negocio bajar al que iba en primer lugar de sus plurinominales y catafixiarlo por quien ya fue en una ocasi\u00f3n legislador en la entidad primero por el PRI, de donde salt\u00f3 a Morena. De su paso por el cargo no se sabe absolutamente nada.<\/p>\n\n\n\n<p>Sin embargo, lo que haya hecho o no en el pasado, lo que haga o lo que har\u00e1, importa bien poco a una empresa pol\u00edtica como es el Verde, que sin duda ha sabido manejarse con tino, primero al abanderar causas que atraen la atenci\u00f3n del ciudadano, adjudicarse otras por las que nada hicieron, pero fundamentalmente saber el momento exacto para vender sus votos legislativos al mejor postor.<\/p>\n\n\n\n<p>Es una empresa que lo mismo puede estar al lado del PRI, del PRD, de Morena ahora, en fin, del que observen puede servir a su negocio, el m\u00e1s pr\u00f3spero del que tengamos memoria.<\/p>\n\n\n\n<p>Por eso Canek se dijo: \u201csi ellos hacen bisnes, por qu\u00e9 yo no los har\u00e9\u201d. Y aunque sus dividendos los busca en la posibilidad de trepar a lugares de m\u00e1s poder, es evidente que el potencial votante es asunto menor.<\/p>\n\n\n\n<p>En fin, una historia que se repite, pero que coincide con los maestros del chapulineo, que son los partidos con raqu\u00edtica presencia, pero que pueden inclinar la balanza en el momento adecuado con sus votos, que han sabido negociar de manera \u00fanica y se han convertido en lecci\u00f3n hist\u00f3rica para quienes aspiren a la gloria de ser empresarios de la pol\u00edtica.<\/p>\n\n\n\n<p>Por su parte, el Partido del Trabajo, hoy franquicia del Grupo Universidad, buscar\u00e1 a toda costa quedar bien con sus contratantes. Un negocio menos aristocr\u00e1tico pero con todo, ha rendido buenas ganancias para quienes lo han dirigido en el pa\u00eds y la entidad.<\/p>\n\n\n\n<p>Como nunca resultar\u00eda interesante que de una vez por todas se viera la posibilidad de que institutos pol\u00edticos sin raz\u00f3n de ser, simplemente fueran extinguidos por el bien de la naci\u00f3n, por el bien de la pol\u00edtica y as\u00ed de paso ahorrar muchos millones de pesos al erario p\u00fablico. Como no sea su labor de moneda de cambio, al ciudadano en t\u00e9rminos reales no le sirven para nada.<\/p>\n\n\n\n<p><strong>Mil gracias, hasta el pr\u00f3ximo lunes.<\/strong><\/p>\n\n\n\n<p><a href=\"mailto:jeperalta@plazajuarez.mx\/historico\/historico\">jeperalta@plazajuarez.mx\/historico\/historico<\/a><\/p>\n\n\n\n<p>@JavierEPeralta<\/p>\n","protected":false},"excerpt":{"rendered":"<p>Empresas pol\u00edticas que dan buen dinero La inclusi\u00f3n de Canek V\u00e1zquez G\u00f3ngora en la primer\u00edsima posici\u00f3n de aspirantes del Verde Ecologista a una diputaci\u00f3n local por la v\u00eda plurinominal, hacen ver una lamentable realidad en la pol\u00edtica que siempre ha existido en torno a institutos pol\u00edticos que en t\u00e9rminos reales no representan a nadie, pero [&hellip;]<\/p>\n","protected":false},"author":10,"featured_media":154933,"comment_status":"closed","ping_status":"open","sticky":false,"template":"","format":"standard","meta":{"footnotes":""},"categories":[49,42],"tags":[],"class_list":["post-161245","post","type-post","status-publish","format-standard","has-post-thumbnail","hentry","category-javier-peralta","category-nuestrapalabra"],"_links":{"self":[{"href":"https:\/\/plazajuarez.mx\/historico\/wp-json\/wp\/v2\/posts\/161245","targetHints":{"allow":["GET"]}}],"collection":[{"href":"https:\/\/plazajuarez.mx\/historico\/wp-json\/wp\/v2\/posts"}],"about":[{"href":"https:\/\/plazajuarez.mx\/historico\/wp-json\/wp\/v2\/types\/post"}],"author":[{"embeddable":true,"href":"https:\/\/plazajuarez.mx\/historico\/wp-json\/wp\/v2\/users\/10"}],"replies":[{"embeddable":true,"href":"https:\/\/plazajuarez.mx\/historico\/wp-json\/wp\/v2\/comments?post=161245"}],"version-history":[{"count":0,"href":"https:\/\/plazajuarez.mx\/historico\/wp-json\/wp\/v2\/posts\/161245\/revisions"}],"wp:featuredmedia":[{"embeddable":true,"href":"https:\/\/plazajuarez.mx\/historico\/wp-json\/wp\/v2\/media\/154933"}],"wp:attachment":[{"href":"https:\/\/plazajuarez.mx\/historico\/wp-json\/wp\/v2\/media?parent=161245"}],"wp:term":[{"taxonomy":"category","embeddable":true,"href":"https:\/\/plazajuarez.mx\/historico\/wp-json\/wp\/v2\/categories?post=161245"},{"taxonomy":"post_tag","embeddable":true,"href":"https:\/\/plazajuarez.mx\/historico\/wp-json\/wp\/v2\/tags?post=161245"}],"curies":[{"name":"wp","href":"https:\/\/api.w.org\/{rel}","templated":true}]}}