{"id":161242,"date":"2021-04-23T07:10:37","date_gmt":"2021-04-23T12:10:37","guid":{"rendered":"https:\/\/plazajuarez.mx\/?p=161242"},"modified":"2021-04-23T07:10:48","modified_gmt":"2021-04-23T12:10:48","slug":"alfil-negro-2065","status":"publish","type":"post","link":"https:\/\/plazajuarez.mx\/historico\/alfil-negro-2065\/","title":{"rendered":"ALFIL NEGRO"},"content":{"rendered":"\n<h2 class=\"wp-block-heading\"><strong>BLANCO Y NEGRO<\/strong><\/h2>\n\n\n\n<p>Vivir nos da dos caminos<br>y nos toca decidir<br>entre lo negro y lo blanco<br>y despu\u00e9s a caminar.<br>Conforme pasan los a\u00f1os<br>aprendemos con dolor,<br>que decidir no es tan f\u00e1cil<br>y que todo crea facturas<br>para cobrar o pagar.<\/p>\n\n\n\n<p>Y pasan por nuestras vidas<br>lobos&nbsp; vestidos de ovejas,<br>buitres que parecen santos,<br>palomas que son halcones,<br>pol\u00edticos embusteros<br>que te ofrecen mil milagros<br>y que te usan con sonrisas<br>para su ambici\u00f3n sin freno<br>por el dinero y poder.<\/p>\n\n\n\n<p>Aquel que se dice amigo<br>te vende en 30 monedas<br>y el que te abraza afectuoso<br>despu\u00e9s te golpea la espalda.<br>Son el paisaje de miedo<br>que todos hemos vivido,<br>pero no todo es tan negro<br>tambi\u00e9n hay colores blancos<br>por los que vale vivir.<\/p>\n\n\n\n<p>Los hijos son en la vida<br>junto a la esposa y hermanos<br>un motivo de camino<br>una raz\u00f3n de existir.<br>A lo mejor lamentamos<br>no haber jugado con ellos,<br>haber cantado contentos<br>m\u00e1s canciones de Cri-Cri,<br>la canci\u00f3n de las vocales,<br>Caminito de la escuela,<br>O haber jugado con ellos<br>a la ro\u00f1a o los hoyitos,<br>pero ya se fue ese tiempo<br>la ni\u00f1a se hizo mujer,<br>y los ni\u00f1os ya son hombres,<br>y una tarde se nos fueron<br>para caminar sus sendas<br>y para escribir su historia<br>la vida siempre es igual.<\/p>\n\n\n\n<p>Los a\u00f1os son los maestros<br>que nos gritan al o\u00eddo<br>lo que s\u00ed vale la pena<br>y lo que s\u00f3lo es basura<br>que no significa nada.<\/p>\n\n\n\n<p>Los padres pasando el tiempo<br>son ejemplo de camino<br>y a veces tarde entendemos<br>que muchas veces lloraron<br>para vernos sonre\u00edr<br>Y para muchos son recuerdos<br>que nos duelen recordar.<\/p>\n\n\n\n<p>Y entendemos que la esposa<br>camina junto a nosotros<br>por ese don de los cielos<br>que entendemos como amor<br>Y entendemos y aceptamos<br>que el camino es menos fuerte<br>si lo vamos recorriendo<br>de su mano y de su luz.<\/p>\n\n\n\n<p>Y acabamos entendiendo<br>que el camino de la vida<br>nos presenta dos senderos<br>y debemos elegir\u2026<br>Cuando la senda termine<br>al mirar lo caminado,<br>que los cielos nos permitan<br>mirar que lo que&nbsp; elegimos<br>fue lo bueno y acertado<br>para decir satisfechos<br>Padre llegamos a casa,<br>rec\u00edbenos, Padre nuestro<br>somos tus hijos Se\u00f1or.<\/p>\n","protected":false},"excerpt":{"rendered":"<p>BLANCO Y NEGRO Vivir nos da dos caminosy nos toca decidirentre lo negro y lo blancoy despu\u00e9s a caminar.Conforme pasan los a\u00f1osaprendemos con dolor,que decidir no es tan f\u00e1cily que todo crea facturaspara cobrar o pagar. Y pasan por nuestras vidaslobos&nbsp; vestidos de ovejas,buitres que parecen santos,palomas que son halcones,pol\u00edticos embusterosque te ofrecen mil milagrosy [&hellip;]<\/p>\n","protected":false},"author":83,"featured_media":154739,"comment_status":"closed","ping_status":"open","sticky":false,"template":"","format":"standard","meta":{"footnotes":""},"categories":[48,42],"tags":[],"class_list":["post-161242","post","type-post","status-publish","format-standard","has-post-thumbnail","hentry","category-adalberto-peralta","category-nuestrapalabra"],"_links":{"self":[{"href":"https:\/\/plazajuarez.mx\/historico\/wp-json\/wp\/v2\/posts\/161242","targetHints":{"allow":["GET"]}}],"collection":[{"href":"https:\/\/plazajuarez.mx\/historico\/wp-json\/wp\/v2\/posts"}],"about":[{"href":"https:\/\/plazajuarez.mx\/historico\/wp-json\/wp\/v2\/types\/post"}],"author":[{"embeddable":true,"href":"https:\/\/plazajuarez.mx\/historico\/wp-json\/wp\/v2\/users\/83"}],"replies":[{"embeddable":true,"href":"https:\/\/plazajuarez.mx\/historico\/wp-json\/wp\/v2\/comments?post=161242"}],"version-history":[{"count":0,"href":"https:\/\/plazajuarez.mx\/historico\/wp-json\/wp\/v2\/posts\/161242\/revisions"}],"wp:featuredmedia":[{"embeddable":true,"href":"https:\/\/plazajuarez.mx\/historico\/wp-json\/wp\/v2\/media\/154739"}],"wp:attachment":[{"href":"https:\/\/plazajuarez.mx\/historico\/wp-json\/wp\/v2\/media?parent=161242"}],"wp:term":[{"taxonomy":"category","embeddable":true,"href":"https:\/\/plazajuarez.mx\/historico\/wp-json\/wp\/v2\/categories?post=161242"},{"taxonomy":"post_tag","embeddable":true,"href":"https:\/\/plazajuarez.mx\/historico\/wp-json\/wp\/v2\/tags?post=161242"}],"curies":[{"name":"wp","href":"https:\/\/api.w.org\/{rel}","templated":true}]}}