{"id":161240,"date":"2021-04-23T07:04:15","date_gmt":"2021-04-23T12:04:15","guid":{"rendered":"https:\/\/plazajuarez.mx\/?p=161240"},"modified":"2021-04-23T07:04:41","modified_gmt":"2021-04-23T12:04:41","slug":"dese-por-enterado-870","status":"publish","type":"post","link":"https:\/\/plazajuarez.mx\/historico\/dese-por-enterado-870\/","title":{"rendered":"DESE POR ENTERADO"},"content":{"rendered":"\n<p><strong>MOVI PARQ, NO SE QUIEREN IR.-<\/strong> La empresa Movi Parq, encargada de los parqu\u00edmetros en la capital hidalguense, ha decidido que no se va a ir as\u00ed de f\u00e1cil de Pachuca. Por lo anterior interpusieron juicios de nulidad administrativa en contra de la decisi\u00f3n de la Presidencia Municipal de Pachuca que le revoc\u00f3 la concesi\u00f3n y le aplic\u00f3 una sanci\u00f3n econ\u00f3mica. Sin embargo es importante precisar que la empresa Movi Parq fue se\u00f1alada de recibir pagos indebidos por pagos de multas, no que retuviera recursos de manera indebida. En el mismo sentido se observa que no hab\u00eda razones legales para que no se continuara con la cancelaci\u00f3n del contrato. Veremos en qu\u00e9 termina todo.<\/p>\n\n\n\n<hr class=\"wp-block-separator\"\/>\n\n\n\n<p><strong>A SIETE MESES, NIEGAN AMPARO DE NUEVO A G.S.C.-<\/strong> Ya suman siete meses los que el ex Presidente del Patronato Universitario lleva en el penal de Almoloya. Ayer se report\u00f3 que le negaron un nuevo amparo, que buscaba desechar el testimonio de un testigo que lo implic\u00f3. A todo esto, el hecho fundamental es que simplemente la decisi\u00f3n de aprehender y procesarlo no se tambalea, y por el contrario se fortalece. Decisi\u00f3n que tiene su origen en la capital del pa\u00eds, y que no variar\u00e1 en los siguientes meses, tal vez en los siguientes a\u00f1os. Dif\u00edcil la situaci\u00f3n del todav\u00eda hombre fuerte del Grupo Universidad.<\/p>\n\n\n\n<hr class=\"wp-block-separator\"\/>\n\n\n\n<p><strong>Y DON PEDRO PORRAS, INHABILITADO.-<\/strong> Pues a estas alturas ya nadie sabe si es o no candidato a diputado local por la coalici\u00f3n \u201cJuntos Haremos Historia\u201d don Pedro Porras P\u00e9rez, porque resulta que la Secretar\u00eda de la Funci\u00f3n P\u00fablica, lo inhabilit\u00f3 por un a\u00f1o por aparente negligencia administrativa. De tal modo que no podr\u00eda asumir el cargo, de ganar. Luego entonces ya nadie sabe nada de nada.<\/p>\n\n\n\n<hr class=\"wp-block-separator\"\/>\n\n\n\n<p><strong>VACUNEN A TODO EL PERSONAL M\u00c9DICO.- <\/strong>Hay prisa porque se regrese a clases antes de las elecciones del mes de junio. Las autoridades federales pr\u00e1cticamente anuncian que como sea se proceda. Pero no ser\u00e1 as\u00ed. Primero debe ser vacunado todo el personal m\u00e9dico y de apoyo. Es una l\u00f3gica simple. Pero est\u00e1 claro que en la politiquer\u00eda no hay l\u00f3gica de ning\u00fan tipo. El asunto es aparentar que la pandemia \u201cya est\u00e1 domada\u201d, y luego entonces no hay ning\u00fan problema para las elecciones. Pero no, as\u00ed no va a suceder.<\/p>\n\n\n\n<hr class=\"wp-block-separator\"\/>\n\n\n\n<p><strong><em>Aviso para que no digan: Esa columna se nutre de comentarios recabados en agencias del Recontra-Espionaje, muy similares a las que populariz\u00f3 el \u201cS\u00faper Agente 86\u201d en sus tiempos. Como tal, usted est\u00e1 en libertad de creer o no lo que lee, recontra-enojarse, recontra-carcajearse y hasta recontra-recordarnos a nuestra jefecita (nosotros recontra-hacemos lo propio). Avisado est\u00e1 usted.<\/em><\/strong><\/p>\n\n\n\n<p>Dudas y comentarios:<\/p>\n\n\n\n<p><a href=\"mailto:desexenterado@gmail.com\">desexenterado@gmail.com<\/a><\/p>\n\n\n\n<p>@desexenterado<\/p>\n","protected":false},"excerpt":{"rendered":"<p>MOVI PARQ, NO SE QUIEREN IR.- La empresa Movi Parq, encargada de los parqu\u00edmetros en la capital hidalguense, ha decidido que no se va a ir as\u00ed de f\u00e1cil de Pachuca. Por lo anterior interpusieron juicios de nulidad administrativa en contra de la decisi\u00f3n de la Presidencia Municipal de Pachuca que le revoc\u00f3 la concesi\u00f3n [&hellip;]<\/p>\n","protected":false},"author":93,"featured_media":154731,"comment_status":"closed","ping_status":"open","sticky":false,"template":"","format":"standard","meta":{"footnotes":""},"categories":[83],"tags":[],"class_list":["post-161240","post","type-post","status-publish","format-standard","has-post-thumbnail","hentry","category-dese-por-enterado"],"_links":{"self":[{"href":"https:\/\/plazajuarez.mx\/historico\/wp-json\/wp\/v2\/posts\/161240","targetHints":{"allow":["GET"]}}],"collection":[{"href":"https:\/\/plazajuarez.mx\/historico\/wp-json\/wp\/v2\/posts"}],"about":[{"href":"https:\/\/plazajuarez.mx\/historico\/wp-json\/wp\/v2\/types\/post"}],"author":[{"embeddable":true,"href":"https:\/\/plazajuarez.mx\/historico\/wp-json\/wp\/v2\/users\/93"}],"replies":[{"embeddable":true,"href":"https:\/\/plazajuarez.mx\/historico\/wp-json\/wp\/v2\/comments?post=161240"}],"version-history":[{"count":0,"href":"https:\/\/plazajuarez.mx\/historico\/wp-json\/wp\/v2\/posts\/161240\/revisions"}],"wp:featuredmedia":[{"embeddable":true,"href":"https:\/\/plazajuarez.mx\/historico\/wp-json\/wp\/v2\/media\/154731"}],"wp:attachment":[{"href":"https:\/\/plazajuarez.mx\/historico\/wp-json\/wp\/v2\/media?parent=161240"}],"wp:term":[{"taxonomy":"category","embeddable":true,"href":"https:\/\/plazajuarez.mx\/historico\/wp-json\/wp\/v2\/categories?post=161240"},{"taxonomy":"post_tag","embeddable":true,"href":"https:\/\/plazajuarez.mx\/historico\/wp-json\/wp\/v2\/tags?post=161240"}],"curies":[{"name":"wp","href":"https:\/\/api.w.org\/{rel}","templated":true}]}}