{"id":161208,"date":"2021-04-23T07:36:18","date_gmt":"2021-04-23T12:36:18","guid":{"rendered":"https:\/\/plazajuarez.mx\/?p=161208"},"modified":"2021-04-23T07:36:30","modified_gmt":"2021-04-23T12:36:30","slug":"marcha-personal-de-salud-en-pachuca-exigen-ser-vacunados","status":"publish","type":"post","link":"https:\/\/plazajuarez.mx\/historico\/marcha-personal-de-salud-en-pachuca-exigen-ser-vacunados\/","title":{"rendered":"Marcha personal de salud en Pachuca; exigen ser vacunados"},"content":{"rendered":"\n<p>Agremiados a la secci\u00f3n XX del Sindicato Nacional de Trabajadores de la Secretar\u00eda de Salud de Hidalgo (SNTSA), encabezada por Sonia Ocampo Chapa, exigieron la aplicaci\u00f3n de la vacuna contra COVID-19.<\/p>\n\n\n\n<p>En reuni\u00f3n con el delegado de Programas para el Bienestar en Hidalgo, Abraham Mendoza Zenteno, se\u00f1alaron que es injusto comenzar la inmunizaci\u00f3n de otros sectores, por ejemplo el magisterio, cuando a\u00fan no concluyen con el personal de salud.<\/p>\n\n\n\n<p>Argumentaron que todos administrativos, intendentes, m\u00e9dicos, enfermeras, camilleros, son de primera l\u00ednea, no han dejado de trabajar y lamentablemente les ha tocado ser testigo del contagio y fallecimiento de compa\u00f1eros.<\/p>\n\n\n\n<p>Por lo anterior solicitaron que el esquema de salud para la inoculaci\u00f3n de personal de salud se complete totalmente, pues se encuentran en riesgo, y posteriormente contin\u00faen con los siguientes sectores de la poblaci\u00f3n.<\/p>\n\n\n\n<p>En su oportunidad, Mendoza Zenteno manifest\u00f3 que la Estrategia Nacional de Vacunaci\u00f3n est\u00e1 dirigida por una Comisi\u00f3n, de tal manera que en la entidad la jornada de inoculaci\u00f3n depende de la llegada de dosis.<\/p>\n\n\n\n<p>Destac\u00f3 que con base en el registro del sector salud, se tiene un faltante de m\u00e1s de 13 mil dosis, para cubrir personal de salud del Instituto Mexicano del Seguro Social (IMSS), Instituto de Seguridad y Servicios Sociales de los Trabajadores del Estado (ISSSTE), IMSS Bienestar, Secretar\u00eda de la Defensa NAcional (SEDENA), Secretar\u00eda de Salud de Hidalgo (SSH) y m\u00e9dicos privados.<\/p>\n\n\n\n<p>Refiri\u00f3 que en la siguiente semana llegar\u00e1 una remesa de vacunas, y en breve tiempo se completar\u00e1 el esquema de vacunaci\u00f3n contra COVID-19 de todo el personal de salud de la entidad.<\/p>\n","protected":false},"excerpt":{"rendered":"<p>Agremiados a la secci\u00f3n XX del Sindicato Nacional de Trabajadores de la Secretar\u00eda de Salud de Hidalgo (SNTSA), encabezada por Sonia Ocampo Chapa, exigieron la aplicaci\u00f3n de la vacuna contra COVID-19. En reuni\u00f3n con el delegado de Programas para el Bienestar en Hidalgo, Abraham Mendoza Zenteno, se\u00f1alaron que es injusto comenzar la inmunizaci\u00f3n de otros [&hellip;]<\/p>\n","protected":false},"author":73,"featured_media":159722,"comment_status":"closed","ping_status":"closed","sticky":false,"template":"","format":"standard","meta":{"footnotes":""},"categories":[15,59],"tags":[],"class_list":["post-161208","post","type-post","status-publish","format-standard","has-post-thumbnail","hentry","category-destacadas","category-general"],"_links":{"self":[{"href":"https:\/\/plazajuarez.mx\/historico\/wp-json\/wp\/v2\/posts\/161208","targetHints":{"allow":["GET"]}}],"collection":[{"href":"https:\/\/plazajuarez.mx\/historico\/wp-json\/wp\/v2\/posts"}],"about":[{"href":"https:\/\/plazajuarez.mx\/historico\/wp-json\/wp\/v2\/types\/post"}],"author":[{"embeddable":true,"href":"https:\/\/plazajuarez.mx\/historico\/wp-json\/wp\/v2\/users\/73"}],"replies":[{"embeddable":true,"href":"https:\/\/plazajuarez.mx\/historico\/wp-json\/wp\/v2\/comments?post=161208"}],"version-history":[{"count":0,"href":"https:\/\/plazajuarez.mx\/historico\/wp-json\/wp\/v2\/posts\/161208\/revisions"}],"wp:featuredmedia":[{"embeddable":true,"href":"https:\/\/plazajuarez.mx\/historico\/wp-json\/wp\/v2\/media\/159722"}],"wp:attachment":[{"href":"https:\/\/plazajuarez.mx\/historico\/wp-json\/wp\/v2\/media?parent=161208"}],"wp:term":[{"taxonomy":"category","embeddable":true,"href":"https:\/\/plazajuarez.mx\/historico\/wp-json\/wp\/v2\/categories?post=161208"},{"taxonomy":"post_tag","embeddable":true,"href":"https:\/\/plazajuarez.mx\/historico\/wp-json\/wp\/v2\/tags?post=161208"}],"curies":[{"name":"wp","href":"https:\/\/api.w.org\/{rel}","templated":true}]}}