{"id":161050,"date":"2021-04-21T13:31:23","date_gmt":"2021-04-21T18:31:23","guid":{"rendered":"https:\/\/plazajuarez.mx\/?p=161050"},"modified":"2021-04-21T13:31:38","modified_gmt":"2021-04-21T18:31:38","slug":"empleo-se-recuperara-hasta-2022-senala-bbva","status":"publish","type":"post","link":"https:\/\/plazajuarez.mx\/historico\/empleo-se-recuperara-hasta-2022-senala-bbva\/","title":{"rendered":"Empleo se recuperar\u00e1 hasta 2022, se\u00f1ala BBVA"},"content":{"rendered":"\n<p>Pese a una recuperaci\u00f3n de la econom\u00eda mexicana en 2021, impulsada por el sector exportador en l\u00ednea con el buen desempe\u00f1o que tendr\u00e1 Estados Unidos, M\u00e9xico regresar\u00e1 a su rango de crecimiento previo a la pandemia hasta finales de 2022 o al arranque de 2023, dijo el jefe de estudios econ\u00f3micos de BBVA, Carlos Serrano.<\/p>\n\n\n\n<p>&#8220;Este a\u00f1o no se retomar\u00e1 el nivel de Producto Interno Bruto que se ten\u00eda antes de la pandemia, cosa que s\u00ed lograr\u00e1n otras econom\u00edas&#8221;, dijo Serrano.<\/p>\n\n\n\n<p>Para 2021, BBVA espera un crecimiento de 4.7% de la econom\u00eda mexicana y en 2022 espera un alza de 2.8%, con cautela ante un escenario interno desafiante, afectado principalmente por la debilidad de la inversi\u00f3n y pol\u00edticas de gobierno que generan incertidumbre.<\/p>\n\n\n\n<p>Al presentar el informe situaci\u00f3n M\u00e9xico correspondiente al segundo trimestre de 2021, el especialista resalt\u00f3 que el consumo se recuperar\u00e1 completamente hasta 2023 y en t\u00e9rminos de ingreso por persona en el pa\u00eds, no se regresar\u00e1 a lo observado antes de la crisis de Covid-19 hasta 2026.<\/p>\n\n\n\n<p>As\u00ed, se espera que la pandemia aumente la desigualdad en el pa\u00eds, con una generaci\u00f3n de empleo afectada por la crisis sanitaria y disminuci\u00f3n de ingresos en la poblaci\u00f3n m\u00e1s afectada, en contraste con los mexicanos que mantuvieron su trabajo y pudieron aumentar su capacidad de ahorro.<\/p>\n\n\n\n<p>&#8220;La crisis puede dejar un aumento en la desigualdad. Aquellos que conservaron el empleo aumentaron su tasa de ahorro y estar\u00e1n en mejor posici\u00f3n. Pero quienes lo perdieron o pasaron a un evento m\u00e1s precario van a estar en peor situaci\u00f3n y eso elevar\u00e1 la desigualdad en el pa\u00eds. Se deber\u00edan aplicar pol\u00edticas para disminuir esta desigualdad provocada por la crisis&#8221;, dijo Serrano.<\/p>\n\n\n\n<p>En ese sentido, Serrano explic\u00f3 que la recuperaci\u00f3n del empleo en el pa\u00eds se dar\u00e1 hasta 2022, ya que actualmente se tiene una brecha de 588 mil empleos formales si se compara con las cifras laborales que manten\u00eda el pa\u00eds antes de la contingencia sanitaria.<\/p>\n\n\n\n<p>El especialista de BBVA M\u00e9xico resalt\u00f3 que las mujeres han sido el sector m\u00e1s afectado por el desempleo, consecuencia de las condiciones de confinamiento que mantienen a los ni\u00f1os en clases remotas, situaci\u00f3n que las ha llevado a dejar su trabajo para dedicarse al cuidado de sus hijos.<\/p>\n\n\n\n<p>Ante dicho escenario, propuso que como parte de la estrategia de vacunaci\u00f3n se privilegie a los maestros, para retomar las clases presenciales y las madres de familia puedan reingresar a la actividad laboral.<\/p>\n\n\n\n<p>Para el economista, el golpe de la pandemia de Covid-19 y la baja de inversi\u00f3n que prevalece en el pa\u00eds, llevar\u00e1 a M\u00e9xico a crecer en los pr\u00f3ximos a\u00f1os por debajo de su potencial, inclusive detr\u00e1s del promedio que se registr\u00f3 antes de la crisis sanitaria.<\/p>\n\n\n\n<p>&#8220;El va a tener una menor tasa de crecimiento potencial, primero por los da\u00f1os de la pandemia y en segundo por el comportamiento de la inversi\u00f3n. No hay nada que sugiera que va a aumentar la productividad. La menor inversi\u00f3n significa menores niveles de capital&#8221;, dijo Serrano.<\/p>\n","protected":false},"excerpt":{"rendered":"<p>Pese a una recuperaci\u00f3n de la econom\u00eda mexicana en 2021, impulsada por el sector exportador en l\u00ednea con el buen desempe\u00f1o que tendr\u00e1 Estados Unidos, M\u00e9xico regresar\u00e1 a su rango de crecimiento previo a la pandemia hasta finales de 2022 o al arranque de 2023, dijo el jefe de estudios econ\u00f3micos de BBVA, Carlos Serrano. [&hellip;]<\/p>\n","protected":false},"author":81,"featured_media":159814,"comment_status":"closed","ping_status":"open","sticky":false,"template":"","format":"standard","meta":{"footnotes":""},"categories":[15,36],"tags":[],"class_list":["post-161050","post","type-post","status-publish","format-standard","has-post-thumbnail","hentry","category-destacadas","category-nacion"],"_links":{"self":[{"href":"https:\/\/plazajuarez.mx\/historico\/wp-json\/wp\/v2\/posts\/161050","targetHints":{"allow":["GET"]}}],"collection":[{"href":"https:\/\/plazajuarez.mx\/historico\/wp-json\/wp\/v2\/posts"}],"about":[{"href":"https:\/\/plazajuarez.mx\/historico\/wp-json\/wp\/v2\/types\/post"}],"author":[{"embeddable":true,"href":"https:\/\/plazajuarez.mx\/historico\/wp-json\/wp\/v2\/users\/81"}],"replies":[{"embeddable":true,"href":"https:\/\/plazajuarez.mx\/historico\/wp-json\/wp\/v2\/comments?post=161050"}],"version-history":[{"count":0,"href":"https:\/\/plazajuarez.mx\/historico\/wp-json\/wp\/v2\/posts\/161050\/revisions"}],"wp:featuredmedia":[{"embeddable":true,"href":"https:\/\/plazajuarez.mx\/historico\/wp-json\/wp\/v2\/media\/159814"}],"wp:attachment":[{"href":"https:\/\/plazajuarez.mx\/historico\/wp-json\/wp\/v2\/media?parent=161050"}],"wp:term":[{"taxonomy":"category","embeddable":true,"href":"https:\/\/plazajuarez.mx\/historico\/wp-json\/wp\/v2\/categories?post=161050"},{"taxonomy":"post_tag","embeddable":true,"href":"https:\/\/plazajuarez.mx\/historico\/wp-json\/wp\/v2\/tags?post=161050"}],"curies":[{"name":"wp","href":"https:\/\/api.w.org\/{rel}","templated":true}]}}