{"id":161027,"date":"2021-04-21T10:49:50","date_gmt":"2021-04-21T15:49:50","guid":{"rendered":"https:\/\/plazajuarez.mx\/?p=161027"},"modified":"2021-04-21T10:50:08","modified_gmt":"2021-04-21T15:50:08","slug":"chayanne-celebra-que-ya-lo-vacunaron-contra-el-covid-19","status":"publish","type":"post","link":"https:\/\/plazajuarez.mx\/historico\/chayanne-celebra-que-ya-lo-vacunaron-contra-el-covid-19\/","title":{"rendered":"Chayanne celebra que ya lo vacunaron contra el Covid-19"},"content":{"rendered":"\n<p>A sus 52 a\u00f1os, Chayanne celebra que ya fue vacunado contra el Covid-19, cosa que no s\u00f3lo festeja el cantante, sino sus cientos de fans que no tardaron en mandarle diversos mensajes.<\/p>\n\n\n\n<p>&#8220;Ya vacunaron a mi pap\u00e1&#8221;, se lee recurrentemente entre los comentarios de la publicaci\u00f3n donde el int\u00e9rprete de &#8220;Tiempo de vals&#8221; aparece con cubrebocas recibiendo la vacuna contra el coronavirus.<\/p>\n\n\n\n<p>&#8220;Qu\u00e9 suertuda la enfermera&#8221;, comentaron algunos, pues en la instant\u00e1nea aparece junto al puertorrique\u00f1o que porta una gorra.<\/p>\n\n\n\n<p>&#8220;Por mi, por mi familia y por ustedes&#8221;, escribi\u00f3 Chayanne para acompa\u00f1ar la imagen que en pocos minutos ya suma m\u00e1s de 80 mil &#8220;me gusta&#8221;.<\/p>\n\n\n\n<p>Cibernautas aplaudieron la acci\u00f3n del cantante, pues muchas personas se muestran desconfiadas de las vacunas. &#8220;Si chayanne lo hace yo tambi\u00e9n lo hago&#8221;. &#8220;Ahora s\u00ed mi mam\u00e1 va querer vacunarse&#8221;, se lee.<\/p>\n\n\n\n<p>Los comentarios sobre las supuestas paternidades del artista ya se han hecho comunes en redes sociales, donde circulan varios memes al respecto. En sus publicaciones en Instagram, se leen varios comentarios en los que &#8220;los hijos de Chayanne&#8221; le piden que vuelva a casa o que pague la pensi\u00f3n correspondiente.<\/p>\n","protected":false},"excerpt":{"rendered":"<p>A sus 52 a\u00f1os, Chayanne celebra que ya fue vacunado contra el Covid-19, cosa que no s\u00f3lo festeja el cantante, sino sus cientos de fans que no tardaron en mandarle diversos mensajes. &#8220;Ya vacunaron a mi pap\u00e1&#8221;, se lee recurrentemente entre los comentarios de la publicaci\u00f3n donde el int\u00e9rprete de &#8220;Tiempo de vals&#8221; aparece con [&hellip;]<\/p>\n","protected":false},"author":81,"featured_media":161029,"comment_status":"closed","ping_status":"open","sticky":false,"template":"","format":"standard","meta":{"footnotes":""},"categories":[38],"tags":[],"class_list":["post-161027","post","type-post","status-publish","format-standard","has-post-thumbnail","hentry","category-show"],"_links":{"self":[{"href":"https:\/\/plazajuarez.mx\/historico\/wp-json\/wp\/v2\/posts\/161027","targetHints":{"allow":["GET"]}}],"collection":[{"href":"https:\/\/plazajuarez.mx\/historico\/wp-json\/wp\/v2\/posts"}],"about":[{"href":"https:\/\/plazajuarez.mx\/historico\/wp-json\/wp\/v2\/types\/post"}],"author":[{"embeddable":true,"href":"https:\/\/plazajuarez.mx\/historico\/wp-json\/wp\/v2\/users\/81"}],"replies":[{"embeddable":true,"href":"https:\/\/plazajuarez.mx\/historico\/wp-json\/wp\/v2\/comments?post=161027"}],"version-history":[{"count":0,"href":"https:\/\/plazajuarez.mx\/historico\/wp-json\/wp\/v2\/posts\/161027\/revisions"}],"wp:featuredmedia":[{"embeddable":true,"href":"https:\/\/plazajuarez.mx\/historico\/wp-json\/wp\/v2\/media\/161029"}],"wp:attachment":[{"href":"https:\/\/plazajuarez.mx\/historico\/wp-json\/wp\/v2\/media?parent=161027"}],"wp:term":[{"taxonomy":"category","embeddable":true,"href":"https:\/\/plazajuarez.mx\/historico\/wp-json\/wp\/v2\/categories?post=161027"},{"taxonomy":"post_tag","embeddable":true,"href":"https:\/\/plazajuarez.mx\/historico\/wp-json\/wp\/v2\/tags?post=161027"}],"curies":[{"name":"wp","href":"https:\/\/api.w.org\/{rel}","templated":true}]}}