{"id":160980,"date":"2021-04-21T06:00:00","date_gmt":"2021-04-21T11:00:00","guid":{"rendered":"https:\/\/plazajuarez.mx\/?p=160980"},"modified":"2021-04-20T23:40:52","modified_gmt":"2021-04-21T04:40:52","slug":"dese-por-enterado-869","status":"publish","type":"post","link":"https:\/\/plazajuarez.mx\/historico\/dese-por-enterado-869\/","title":{"rendered":"DESE POR ENTERADO"},"content":{"rendered":"\n<p><strong>LAS HERENCIAS DE YOLI.-<\/strong> Pocos han ca\u00eddo en la cuenta de que el emplazamiento a huelga del Sindicato \u00danico de Trabajadores al Servicio del Municipio de Pachuca (SUTSMP) para el pr\u00f3ximo 17 de junio, tiene como origen el nulo acuerdo por incremento salarial, pero no con la actual administraci\u00f3n que dirige el alcalde Sergio Ba\u00f1os. Se trata del a\u00f1o 2017 cuando no hubo acuerdo alguno con la ex edil, Yolanda Teller\u00eda, porque sucede que en este a\u00f1o, el 2021, ya se aplic\u00f3 incluso un aumento del 5 por ciento a los trabajadores al servicio del ayuntamiento capitalino. Es decir que al parecer, de manera retroactiva, Percy pareciera estar interesado en que al no haber logrado nada en el 2017 con el gobierno municipal de ese entonces, luego entonces se traslada para este a\u00f1o. Como que la intenci\u00f3n suena interesante pero inviable. Estaremos atentos.<\/p>\n\n\n\n<p>***<\/p>\n\n\n\n<p><strong>VILLASANA, UN AEROPUERTO DENTRO DE LA CIUDAD.-<\/strong> Durante muchos a\u00f1os se so\u00f1\u00f3 con la posibilidad de que Hidalgo fuera sede del nuevo Aeropuerto Internacional alterno al de la Ciudad de M\u00e9xico. Usted sabe que todo se qued\u00f3 en sue\u00f1o, pero un hecho fundamental es que el actual campo a\u00e9reo Juan Guillermo Villasana, ya est\u00e1 dentro del caso urbano de la capital hidalguense, con los consiguientes peligros que esto acarrea. La capital hidalguense merece, sin lugar a duda, la posibilidad de contar con un aeropuerto regional en tierras que tenemos de sobra. Porque ahora resulta que pese a tener el mejor proyecto para el Aeropuerto Internacional, las mejores condiciones f\u00edsicas, en fin, todo, nos dejaron como el chinito: \u201cnom\u00e1s milando\u201d, pero tampoco podemos construir un nuevo campo a\u00e9reo regional. Chula cosa.<\/p>\n\n\n\n<p>***<\/p>\n\n\n\n<p><strong>MORENA-HIDALGO, SIGUE EL RELAJO.-<\/strong> A sus candidatos a diputados locales, ni un peso. Los federales, casi todos del Grupo Universidad, ni les preocupa. Pero los que buscan llegar al Congreso de Hidalgo, no les ha asignado un peso el comit\u00e9 estatal, y todo tiene como origen que en los pasados comicios algo raro sucedi\u00f3 con los recursos que llegaron de la capital del pa\u00eds, porque nunca fueron entregados a los aspirantes. Y como la ola de AMLO estaba en su m\u00e1ximo nivel, pues dij\u00e9ronse: \u201cpara qu\u00e9 gastar si de por si vamos a ganar\u201d. El problema es que a la fecha nadie sabe, nadie supo del dinero. Y de plano esta ocasi\u00f3n desde el Comit\u00e9 Ejecutivo Nacional les mocharon los recursos. Por algo ser\u00e1.<\/p>\n\n\n\n<p>***<\/p>\n\n\n\n<p><strong>B\u00c1JENLE A SUS CAMPA\u00d1AS.-<\/strong> Si no quieren que al paso de las semanas aparezca la violencia f\u00edsica en las campa\u00f1as pol\u00edticas, mejor le bajan a sus agresiones verbales, porque est\u00e1n a nada de pasar a las trompadas, y a la conocida filosof\u00eda de \u201c\u00bfpara qu\u00e9 perder tiempo discuti\u00e9ndolo si se puede arreglar a madrazos?\u201d. Va en serio y todos saben a quienes les puede convenir que se desborden los \u00e1nimos. Est\u00e1n a tiempo de bajarle a sus acusaciones sin fundamentos, a verdaderas difamaciones.&nbsp;<\/p>\n\n\n\n<p>***<\/p>\n\n\n\n<p><strong><em>Aviso para que no digan: Esa columna se nutre de comentarios recabados en agencias del Recontra-Espionaje, muy similares a las que populariz\u00f3 el \u201cS\u00faper Agente 86\u201d en sus tiempos. Como tal, usted est\u00e1 en libertad de creer o no lo que lee, recontra-enojarse, recontra-carcajearse y hasta recontra-recordarnos a nuestra jefecita (nosotros recontra-hacemos lo propio). Avisado est\u00e1 usted.<\/em><\/strong><\/p>\n\n\n\n<p>Dudas y comentarios:<\/p>\n\n\n\n<p><a href=\"mailto:desexenterado@gmail.com\">desexenterado@gmail.com<\/a><\/p>\n\n\n\n<p>@desexenterado<\/p>\n","protected":false},"excerpt":{"rendered":"<p>LAS HERENCIAS DE YOLI.- Pocos han ca\u00eddo en la cuenta de que el emplazamiento a huelga del Sindicato \u00danico de Trabajadores al Servicio del Municipio de Pachuca (SUTSMP) para el pr\u00f3ximo 17 de junio, tiene como origen el nulo acuerdo por incremento salarial, pero no con la actual administraci\u00f3n que dirige el alcalde Sergio Ba\u00f1os. [&hellip;]<\/p>\n","protected":false},"author":80,"featured_media":154731,"comment_status":"closed","ping_status":"open","sticky":false,"template":"","format":"standard","meta":{"footnotes":""},"categories":[83],"tags":[],"class_list":["post-160980","post","type-post","status-publish","format-standard","has-post-thumbnail","hentry","category-dese-por-enterado"],"_links":{"self":[{"href":"https:\/\/plazajuarez.mx\/historico\/wp-json\/wp\/v2\/posts\/160980","targetHints":{"allow":["GET"]}}],"collection":[{"href":"https:\/\/plazajuarez.mx\/historico\/wp-json\/wp\/v2\/posts"}],"about":[{"href":"https:\/\/plazajuarez.mx\/historico\/wp-json\/wp\/v2\/types\/post"}],"author":[{"embeddable":true,"href":"https:\/\/plazajuarez.mx\/historico\/wp-json\/wp\/v2\/users\/80"}],"replies":[{"embeddable":true,"href":"https:\/\/plazajuarez.mx\/historico\/wp-json\/wp\/v2\/comments?post=160980"}],"version-history":[{"count":0,"href":"https:\/\/plazajuarez.mx\/historico\/wp-json\/wp\/v2\/posts\/160980\/revisions"}],"wp:featuredmedia":[{"embeddable":true,"href":"https:\/\/plazajuarez.mx\/historico\/wp-json\/wp\/v2\/media\/154731"}],"wp:attachment":[{"href":"https:\/\/plazajuarez.mx\/historico\/wp-json\/wp\/v2\/media?parent=160980"}],"wp:term":[{"taxonomy":"category","embeddable":true,"href":"https:\/\/plazajuarez.mx\/historico\/wp-json\/wp\/v2\/categories?post=160980"},{"taxonomy":"post_tag","embeddable":true,"href":"https:\/\/plazajuarez.mx\/historico\/wp-json\/wp\/v2\/tags?post=160980"}],"curies":[{"name":"wp","href":"https:\/\/api.w.org\/{rel}","templated":true}]}}