{"id":160970,"date":"2021-04-21T06:00:00","date_gmt":"2021-04-21T11:00:00","guid":{"rendered":"https:\/\/plazajuarez.mx\/?p=160970"},"modified":"2021-04-20T23:34:05","modified_gmt":"2021-04-21T04:34:05","slug":"alfil-negro-2063","status":"publish","type":"post","link":"https:\/\/plazajuarez.mx\/historico\/alfil-negro-2063\/","title":{"rendered":"ALFIL NEGRO"},"content":{"rendered":"\n<h2 class=\"wp-block-heading\"><strong>CUIDADO CON LA VIOLENCIA<\/strong><\/h2>\n\n\n\n<p>La violencia electoral, entendida como toda acci\u00f3n que busca imponer por los medios que sean un criterio y un modo de ejercer el poder, no parece que est\u00e9 ausente en el proceso electoral que tendremos el 6 de junio, porque ya hay signos que hablan de un clima violento sobre todo de tipo verbal y particularmente en las redes sociales, donde el anonimato de los que agreden les abre un campo muy amplio para expresar no sus razones, sino sus odios y rencores en contra de quienes no piensen como ellos o sus l\u00edderes.<\/p>\n\n\n\n<p>En el asesinato de Luis Donaldo Colosio el 23 de marzo de 1994, nuestro premio Nobel de Literatura en 1990, Octavio Paz, analiz\u00f3 el hecho diciendo que era sin duda una acci\u00f3n violenta resultado de una violencia verbal que ya se viv\u00eda desde antes de su asesinato, porque la violencia de las palabras era la antesala de la violencia f\u00edsica.<\/p>\n\n\n\n<p>Y ni modo de no ver y sentir la violencia verbal que se vive desde muy temprano desde el puesto de poder m\u00e1s alto del pa\u00eds, y que se replica en muchos de sus seguidores y m\u00e1s en la campa\u00f1a, en que se inventan supuestos agravios contra la gente, particularmente el peligro, dicen, de que si sus rivales ganan las elecciones se cancelar\u00e1n los programas que les hacen llegar dinero cada mes a muchas familias.<\/p>\n\n\n\n<p>La reacci\u00f3n del otro lado tampoco es suavecita, pues tambi\u00e9n se lanzan a fondo y lo menos que les dicen a los actuales en el poder es que por supuesto que no son iguales a los que se fueron, sino peores, y que llevan al pa\u00eds al desastre, empezando por la destrucci\u00f3n de sus instituciones por su incapacidad y un modo de gobernar&nbsp; de ocurrencias y de abusos.<\/p>\n\n\n\n<p>La imposici\u00f3n de la voluntad presidencial, incluso seg\u00fan algunos sobre lo que marca la Constituci\u00f3n, y un desequilibrio de poderes en que signos hay de que tanto el Legislativo como el Judicial no representan un ejercicio que pueda ser un contrapeso, adem\u00e1s de descalificaciones del Ejecutivo contra instituciones electorales y de justicia, que han llevado a una polarizaci\u00f3n de la sociedad con actitudes de mucha violencia de opini\u00f3n en que no se discute con argumentos sino con descalificaciones en que s\u00f3lo hay dos grupos: los buenos y los malos es una realidad que alcanza a muchas familias de M\u00e9xico.<\/p>\n\n\n\n<p>El ambiente es de descalificaciones, condenas, agresiones contra los que no caminan del lado del poder, calificativos ocurrentes que dividen, y un golpeteo diario contra instituciones que le dan sentido de pa\u00eds a nuestra patria.<\/p>\n\n\n\n<p>El resultado es un pa\u00eds dividido y confrontado, en donde no se vive unidad nacional sino de grupos que pelean el poder por los medios y acciones que se juzguen convenientes.<\/p>\n\n\n\n<p>La violencia verbal es un hecho que se vive todos los d\u00edas con supuestas personas que no existen, porque son perfiles falsos que conforman una estrategia pol\u00edtica.<\/p>\n\n\n\n<p>Lo peligroso es que la tensi\u00f3n y enfrentamiento crece todos los d\u00edas y puede llegar la hora en que el enojo o el fanatismo desborde lo que ahora s\u00f3lo son palabras y aparezca la violencia f\u00edsica.<\/p>\n\n\n\n<p>Hay que estar atentos, sobre todo los l\u00edderes pol\u00edticos, para evitar este escenario que ser\u00eda terrible y abrir\u00eda las puertas a situaciones que nadie en su sano juicio desea.<\/p>\n","protected":false},"excerpt":{"rendered":"<p>CUIDADO CON LA VIOLENCIA La violencia electoral, entendida como toda acci\u00f3n que busca imponer por los medios que sean un criterio y un modo de ejercer el poder, no parece que est\u00e9 ausente en el proceso electoral que tendremos el 6 de junio, porque ya hay signos que hablan de un clima violento sobre todo [&hellip;]<\/p>\n","protected":false},"author":83,"featured_media":154739,"comment_status":"closed","ping_status":"open","sticky":false,"template":"","format":"standard","meta":{"footnotes":""},"categories":[48,42],"tags":[],"class_list":["post-160970","post","type-post","status-publish","format-standard","has-post-thumbnail","hentry","category-adalberto-peralta","category-nuestrapalabra"],"_links":{"self":[{"href":"https:\/\/plazajuarez.mx\/historico\/wp-json\/wp\/v2\/posts\/160970","targetHints":{"allow":["GET"]}}],"collection":[{"href":"https:\/\/plazajuarez.mx\/historico\/wp-json\/wp\/v2\/posts"}],"about":[{"href":"https:\/\/plazajuarez.mx\/historico\/wp-json\/wp\/v2\/types\/post"}],"author":[{"embeddable":true,"href":"https:\/\/plazajuarez.mx\/historico\/wp-json\/wp\/v2\/users\/83"}],"replies":[{"embeddable":true,"href":"https:\/\/plazajuarez.mx\/historico\/wp-json\/wp\/v2\/comments?post=160970"}],"version-history":[{"count":0,"href":"https:\/\/plazajuarez.mx\/historico\/wp-json\/wp\/v2\/posts\/160970\/revisions"}],"wp:featuredmedia":[{"embeddable":true,"href":"https:\/\/plazajuarez.mx\/historico\/wp-json\/wp\/v2\/media\/154739"}],"wp:attachment":[{"href":"https:\/\/plazajuarez.mx\/historico\/wp-json\/wp\/v2\/media?parent=160970"}],"wp:term":[{"taxonomy":"category","embeddable":true,"href":"https:\/\/plazajuarez.mx\/historico\/wp-json\/wp\/v2\/categories?post=160970"},{"taxonomy":"post_tag","embeddable":true,"href":"https:\/\/plazajuarez.mx\/historico\/wp-json\/wp\/v2\/tags?post=160970"}],"curies":[{"name":"wp","href":"https:\/\/api.w.org\/{rel}","templated":true}]}}