{"id":160969,"date":"2021-04-21T06:00:00","date_gmt":"2021-04-21T11:00:00","guid":{"rendered":"https:\/\/plazajuarez.mx\/?p=160969"},"modified":"2021-04-20T23:37:52","modified_gmt":"2021-04-21T04:37:52","slug":"retratos-hablados-1050","status":"publish","type":"post","link":"https:\/\/plazajuarez.mx\/historico\/retratos-hablados-1050\/","title":{"rendered":"RETRATOS HABLADOS"},"content":{"rendered":"\n<h2 class=\"wp-block-heading\"><strong>Cuando el poder enloquece<\/strong><\/h2>\n\n\n\n<p>El poder, por muy peque\u00f1o y miserable que sea, transforma a las personas, quienes entienden que si el destino las coloc\u00f3 en ese camino donde pueden hacer valer su nueva condici\u00f3n del Negro Manuel de la canci\u00f3n, \u201cyo nac\u00ed p\u2019a mandar gente, no p\u2019a esclavo ni p\u2019a pe\u00f3n\u201d. Luego entonces el que hasta hace unos d\u00edas era manso como cordero que va al matadero, de repente es un lobo facineroso que busca ovejas para hincarles el diente.<\/p>\n\n\n\n<p>&nbsp;&nbsp;&nbsp;&nbsp;&nbsp;La mayor parte de los pol\u00edticos son el vivo ejemplo de lo que le anoto.<\/p>\n\n\n\n<p>&nbsp;&nbsp;&nbsp;&nbsp;&nbsp;Sin embargo, como le se\u00f1alaba al&nbsp; principio de esta columna, sucede en todos lados. Le cuento:<\/p>\n\n\n\n<p>&nbsp;&nbsp;&nbsp;&nbsp;&nbsp;Hace poco, y luego de comprar mi Melate con revancha y revanchita por 30 pesos en el expendio de lo que era la Mega Comer. Entr\u00e9 a la tienda para adquirir v\u00edveres para el hogar, entre estos un Nescaf\u00e9, un Caf\u00e9 Oro 24 kilates, ni m\u00e1s ni menos, y uno m\u00e1s de Los Portales. Del \u201cToaster Choice\u201d ni hablar por el precio descomunal, que ni los tres mencionados juntos alcanzaban.<\/p>\n\n\n\n<p>&nbsp;&nbsp;&nbsp;&nbsp;&nbsp;En esas estaba cuando escuch\u00e9 la voz entre chillona y grave de un hombre que sentenciaba a la muchacha que acomodaba los frascos: \u201ca partir de ahora voy a verificar todos los d\u00edas cada uno de los pasillos, y no voy a permitir que los frascos est\u00e9n unos adelante y otros atr\u00e1s. Todos deben estar a la misma distancia y si es necesario voy a medir con regla. Se acabaron los tiempos en que hac\u00edan lo que les ven\u00eda en gana. Ahora mando yo y voy a mandar\u201d.<\/p>\n\n\n\n<p>&nbsp;&nbsp;&nbsp;&nbsp;&nbsp;La jovencita que con toda seguridad asist\u00eda a su primer d\u00eda de trabajo no dijo nada, suspir\u00f3 y sigui\u00f3 su labor.<\/p>\n\n\n\n<p>&nbsp;&nbsp;&nbsp;&nbsp;&nbsp;El \u201cempoderado\u201d se dirigi\u00f3 al pasillo de los papeles de ba\u00f1o, servilletas y pa\u00f1uelos faciales. Mir\u00f3 a los empleados con ojo inquisidor y de desprecio, para luego dirigir su discurso en el que anunciaba que el nuevo reino, que por supuesto \u00e9l encarnaba, hab\u00eda llegado para felicidad de todos.<\/p>\n\n\n\n<p>&nbsp;&nbsp;&nbsp;&nbsp;&nbsp;Esta vez s\u00ed hubo respuesta cuando el exhibidor del poder reci\u00e9n recibido, dio la vuelta en la esquina del pasillo: \u201cpobre pendejo que ya se mare\u00f3 al treparse en un ladrillo\u201d.<\/p>\n\n\n\n<p>&nbsp;&nbsp;&nbsp;&nbsp;&nbsp;As\u00ed sucede.<\/p>\n\n\n\n<p>&nbsp;&nbsp;&nbsp;&nbsp;&nbsp;Recibir poco, algo o mucho de poder lleva impl\u00edcito, para una gran mayor\u00eda, demostrar que justamente ya es poderoso, y si para ello es necesario fastidiar al semejante que se cruce en su camino, ni hablar.<\/p>\n\n\n\n<p>&nbsp;&nbsp;&nbsp;&nbsp;&nbsp;&nbsp;Y por supuesto que si hay p\u00fablico de por medio, mejor.<\/p>\n\n\n\n<p>&nbsp;&nbsp;&nbsp;&nbsp;&nbsp;&nbsp;Un hecho constante tambi\u00e9n, es que a menor preparaci\u00f3n acad\u00e9mica y espiritual del que recibi\u00f3 los poderes, le ir\u00e1 peor a los que lo tendr\u00e1n que soportarlo.<\/p>\n\n\n\n<p>&nbsp;&nbsp;&nbsp;&nbsp;Porque aguantar\u00e1n sus caprichos, sus miedos (que son muchos), sus rencores (que son m\u00e1s que sus miedos), sus necedades, sus intolerancias, sus obsesiones, sus complejos (much\u00edsimos), y por supuesto, su odio absoluto contra todo el que no piense como \u00e9l.<\/p>\n\n\n\n<p>&nbsp;&nbsp;&nbsp;&nbsp;&nbsp;Lo peor tambi\u00e9n es que desde el primer d\u00eda que fue seleccionado para ejercer el poder de supervisor de pasillos, empezar\u00e1 el largo, largu\u00edsimo camino para perpetuarse en el cargo. Y entre esa obsesi\u00f3n y sus odios y dem\u00e1s fobias, acabar\u00e1 por quedarse solo en medio de pasillos patas para arriba.<\/p>\n\n\n\n<p>&nbsp;&nbsp;&nbsp;&nbsp;&nbsp;Por supuesto cualquier parecido con la realidad es pura y vil coincidencia.<\/p>\n\n\n\n<p><strong>Mil gracias, hasta ma\u00f1ana.<\/strong><\/p>\n\n\n\n<p>jeperalta@plazajuarez.mx\/historico\/historico<\/p>\n\n\n\n<p>@JavierEPeralta<\/p>\n","protected":false},"excerpt":{"rendered":"<p>Cuando el poder enloquece El poder, por muy peque\u00f1o y miserable que sea, transforma a las personas, quienes entienden que si el destino las coloc\u00f3 en ese camino donde pueden hacer valer su nueva condici\u00f3n del Negro Manuel de la canci\u00f3n, \u201cyo nac\u00ed p\u2019a mandar gente, no p\u2019a esclavo ni p\u2019a pe\u00f3n\u201d. Luego entonces el [&hellip;]<\/p>\n","protected":false},"author":10,"featured_media":154933,"comment_status":"closed","ping_status":"open","sticky":false,"template":"","format":"standard","meta":{"footnotes":""},"categories":[49,42],"tags":[],"class_list":["post-160969","post","type-post","status-publish","format-standard","has-post-thumbnail","hentry","category-javier-peralta","category-nuestrapalabra"],"_links":{"self":[{"href":"https:\/\/plazajuarez.mx\/historico\/wp-json\/wp\/v2\/posts\/160969","targetHints":{"allow":["GET"]}}],"collection":[{"href":"https:\/\/plazajuarez.mx\/historico\/wp-json\/wp\/v2\/posts"}],"about":[{"href":"https:\/\/plazajuarez.mx\/historico\/wp-json\/wp\/v2\/types\/post"}],"author":[{"embeddable":true,"href":"https:\/\/plazajuarez.mx\/historico\/wp-json\/wp\/v2\/users\/10"}],"replies":[{"embeddable":true,"href":"https:\/\/plazajuarez.mx\/historico\/wp-json\/wp\/v2\/comments?post=160969"}],"version-history":[{"count":0,"href":"https:\/\/plazajuarez.mx\/historico\/wp-json\/wp\/v2\/posts\/160969\/revisions"}],"wp:featuredmedia":[{"embeddable":true,"href":"https:\/\/plazajuarez.mx\/historico\/wp-json\/wp\/v2\/media\/154933"}],"wp:attachment":[{"href":"https:\/\/plazajuarez.mx\/historico\/wp-json\/wp\/v2\/media?parent=160969"}],"wp:term":[{"taxonomy":"category","embeddable":true,"href":"https:\/\/plazajuarez.mx\/historico\/wp-json\/wp\/v2\/categories?post=160969"},{"taxonomy":"post_tag","embeddable":true,"href":"https:\/\/plazajuarez.mx\/historico\/wp-json\/wp\/v2\/tags?post=160969"}],"curies":[{"name":"wp","href":"https:\/\/api.w.org\/{rel}","templated":true}]}}