{"id":160968,"date":"2021-04-21T06:00:00","date_gmt":"2021-04-21T11:00:00","guid":{"rendered":"https:\/\/plazajuarez.mx\/?p=160968"},"modified":"2021-04-20T23:20:19","modified_gmt":"2021-04-21T04:20:19","slug":"esperan-vacunar-a-211-mil-ninas-y-ninos-contra-sarampion-y-rubeola","status":"publish","type":"post","link":"https:\/\/plazajuarez.mx\/historico\/esperan-vacunar-a-211-mil-ninas-y-ninos-contra-sarampion-y-rubeola\/","title":{"rendered":"Esperan vacunar a 211 mil ni\u00f1as y ni\u00f1os, contra sarampi\u00f3n y rub\u00e9ola"},"content":{"rendered":"\n<p>La coordinadora estatal de vacunaci\u00f3n de la Secretar\u00eda de Salud de Hidalgo (SSH), Beatriz Consuelo Mayorga Contreras inform\u00f3 del arranque de la Jornada Nacional de Vacunaci\u00f3n contra Sarampi\u00f3n y Rub\u00e9ola, la cual inici\u00f3 el pasado 9 de abril y concluir\u00e1 el 31 de mayo.<\/p>\n\n\n\n<p>En entrevista para el programa \u201cAl Aire\u201d del Sistema de Radio y Televisi\u00f3n de Hidalgo,&nbsp; Mayorga indic\u00f3 que la inmunizaci\u00f3n contra estas enfermedades est\u00e1 dirigida a ni\u00f1os y ni\u00f1as de 1 a 4 a\u00f1os de edad.<\/p>\n\n\n\n<p>De tal manera que se espera vacunar a un total de 211 mil 957 infantes con dosis de refuerzo y 95 mil 144 peque\u00f1os con primera dosis, los cuales por alguna raz\u00f3n no la recibieron.<\/p>\n\n\n\n<p>Asegur\u00f3 que en el caso de Hidalgo, hasta el momento no hay casos de sarampi\u00f3n, sin embargo existe el riesgo de brotes de la enfermedad, por eso la importancia de aprovechar la campa\u00f1a de seguimiento.<\/p>\n\n\n\n<p>Cit\u00f3: \u201cel a\u00f1o pasado hubo un brote en M\u00e9xico, de ah\u00ed la importancia de que las coberturas de vacunaci\u00f3n no se dejen pasar, pues se deben mantener arriba del 95 por ciento para garantizar que no haya brotes\u201d.<\/p>\n\n\n\n<p>La coordinadora estatal de vacunaci\u00f3n asegur\u00f3 que en la entidad, existe suficiencia de biol\u00f3gico contra sarampi\u00f3n y rub\u00e9ola, en unidades de salud de todo el sector salud, es decir de la SSH, del Instituto Mexicano del Seguro Social (IMSS) y del Instituto de Seguridad y Servicios Sociales de los Trabajadores del Estado (ISSSTE).<\/p>\n\n\n\n<p>En ese sentido exhort\u00f3 a los padres de familia a llevar a ni\u00f1os y ni\u00f1as a recibir la vacuna, misma que es gratuita, y el \u00fanico requisito es presentar la cartilla de vacunaci\u00f3n para recibirla y completar el cuadro de vacunaci\u00f3n.<\/p>\n","protected":false},"excerpt":{"rendered":"<p>La coordinadora estatal de vacunaci\u00f3n de la Secretar\u00eda de Salud de Hidalgo (SSH), Beatriz Consuelo Mayorga Contreras inform\u00f3 del arranque de la Jornada Nacional de Vacunaci\u00f3n contra Sarampi\u00f3n y Rub\u00e9ola, la cual inici\u00f3 el pasado 9 de abril y concluir\u00e1 el 31 de mayo. En entrevista para el programa \u201cAl Aire\u201d del Sistema de Radio [&hellip;]<\/p>\n","protected":false},"author":73,"featured_media":160977,"comment_status":"closed","ping_status":"open","sticky":false,"template":"","format":"standard","meta":{"footnotes":""},"categories":[15,59],"tags":[],"class_list":["post-160968","post","type-post","status-publish","format-standard","has-post-thumbnail","hentry","category-destacadas","category-general"],"_links":{"self":[{"href":"https:\/\/plazajuarez.mx\/historico\/wp-json\/wp\/v2\/posts\/160968","targetHints":{"allow":["GET"]}}],"collection":[{"href":"https:\/\/plazajuarez.mx\/historico\/wp-json\/wp\/v2\/posts"}],"about":[{"href":"https:\/\/plazajuarez.mx\/historico\/wp-json\/wp\/v2\/types\/post"}],"author":[{"embeddable":true,"href":"https:\/\/plazajuarez.mx\/historico\/wp-json\/wp\/v2\/users\/73"}],"replies":[{"embeddable":true,"href":"https:\/\/plazajuarez.mx\/historico\/wp-json\/wp\/v2\/comments?post=160968"}],"version-history":[{"count":0,"href":"https:\/\/plazajuarez.mx\/historico\/wp-json\/wp\/v2\/posts\/160968\/revisions"}],"wp:featuredmedia":[{"embeddable":true,"href":"https:\/\/plazajuarez.mx\/historico\/wp-json\/wp\/v2\/media\/160977"}],"wp:attachment":[{"href":"https:\/\/plazajuarez.mx\/historico\/wp-json\/wp\/v2\/media?parent=160968"}],"wp:term":[{"taxonomy":"category","embeddable":true,"href":"https:\/\/plazajuarez.mx\/historico\/wp-json\/wp\/v2\/categories?post=160968"},{"taxonomy":"post_tag","embeddable":true,"href":"https:\/\/plazajuarez.mx\/historico\/wp-json\/wp\/v2\/tags?post=160968"}],"curies":[{"name":"wp","href":"https:\/\/api.w.org\/{rel}","templated":true}]}}