{"id":160949,"date":"2021-04-20T19:16:09","date_gmt":"2021-04-21T00:16:09","guid":{"rendered":"https:\/\/plazajuarez.mx\/?p=160949"},"modified":"2021-04-20T19:16:28","modified_gmt":"2021-04-21T00:16:28","slug":"no-seremos-obstaculo-en-investigaciones-contra-candidato-pan","status":"publish","type":"post","link":"https:\/\/plazajuarez.mx\/historico\/no-seremos-obstaculo-en-investigaciones-contra-candidato-pan\/","title":{"rendered":"No seremos obst\u00e1culo en investigaciones contra candidato: PAN"},"content":{"rendered":"\n<p>Ixmiquilpan. Mientras el PAN en Ixmiquilpan, ha manifestado que la detenci\u00f3n del suplente a presidente municipal, Alfredo Ortiz Zamora, obedece a cuestiones legales y no una persecuci\u00f3n pol\u00edtica, la dirigencia de este partido en el estado, pugn\u00f3 porque se garantice un proceso apegado a la legalidad.<\/p>\n\n\n\n<p>El presidente del PAN en la entidad, Cornelio Villanueva, a trav\u00e9s de un comunicado de prensa, advirti\u00f3, que no ser\u00e1n, como partido, obst\u00e1culo para las investigaciones que se estar\u00e1n realizando en torno al caso.<\/p>\n\n\n\n<p>Explic\u00f3, que tras lo sucedido el lunes, que fue detenido el candidato suplente a la presidencia municipal, pidi\u00f3 a la Procuradur\u00eda General de Justicia del Estado (PGJEH) a garantizar el debido proceso contra el candidato implicado.<\/p>\n\n\n\n<p>\u201cNo seremos un obst\u00e1culo en las investigaciones conducentes, en contraparte, buscaremos que los hechos y los agravios sean aclarados, seguiremos a la espera de mas informaci\u00f3n, atentos a las investigaciones y vigilando que todo este proceso se conduzca de manera adecuada\u201d.<\/p>\n\n\n\n<p>Por su parte, el presidente del PAN con licencia en Ixmiquilpan, Alejandro Lugo, dijo a Diario Plaza Ju\u00e1rez, que los antecedentes penales del candidato suplente era un tema que conoc\u00eda el candidato propietario, Edmundo Ram\u00edrez, por lo que no cay\u00f3 de sorpresa que fuera aprehendido, por lo que llam\u00f3 a asumir las consecuencias de los acuerdos pol\u00edticos que llevaron a conformar una planilla como la que representa en esta contienda.<\/p>\n","protected":false},"excerpt":{"rendered":"<p>Ixmiquilpan. Mientras el PAN en Ixmiquilpan, ha manifestado que la detenci\u00f3n del suplente a presidente municipal, Alfredo Ortiz Zamora, obedece a cuestiones legales y no una persecuci\u00f3n pol\u00edtica, la dirigencia de este partido en el estado, pugn\u00f3 porque se garantice un proceso apegado a la legalidad. El presidente del PAN en la entidad, Cornelio Villanueva, [&hellip;]<\/p>\n","protected":false},"author":93,"featured_media":160768,"comment_status":"closed","ping_status":"open","sticky":false,"template":"","format":"standard","meta":{"footnotes":""},"categories":[15,40],"tags":[],"class_list":["post-160949","post","type-post","status-publish","format-standard","has-post-thumbnail","hentry","category-destacadas","category-region"],"_links":{"self":[{"href":"https:\/\/plazajuarez.mx\/historico\/wp-json\/wp\/v2\/posts\/160949","targetHints":{"allow":["GET"]}}],"collection":[{"href":"https:\/\/plazajuarez.mx\/historico\/wp-json\/wp\/v2\/posts"}],"about":[{"href":"https:\/\/plazajuarez.mx\/historico\/wp-json\/wp\/v2\/types\/post"}],"author":[{"embeddable":true,"href":"https:\/\/plazajuarez.mx\/historico\/wp-json\/wp\/v2\/users\/93"}],"replies":[{"embeddable":true,"href":"https:\/\/plazajuarez.mx\/historico\/wp-json\/wp\/v2\/comments?post=160949"}],"version-history":[{"count":0,"href":"https:\/\/plazajuarez.mx\/historico\/wp-json\/wp\/v2\/posts\/160949\/revisions"}],"wp:featuredmedia":[{"embeddable":true,"href":"https:\/\/plazajuarez.mx\/historico\/wp-json\/wp\/v2\/media\/160768"}],"wp:attachment":[{"href":"https:\/\/plazajuarez.mx\/historico\/wp-json\/wp\/v2\/media?parent=160949"}],"wp:term":[{"taxonomy":"category","embeddable":true,"href":"https:\/\/plazajuarez.mx\/historico\/wp-json\/wp\/v2\/categories?post=160949"},{"taxonomy":"post_tag","embeddable":true,"href":"https:\/\/plazajuarez.mx\/historico\/wp-json\/wp\/v2\/tags?post=160949"}],"curies":[{"name":"wp","href":"https:\/\/api.w.org\/{rel}","templated":true}]}}