{"id":160943,"date":"2021-04-20T16:03:03","date_gmt":"2021-04-20T21:03:03","guid":{"rendered":"https:\/\/plazajuarez.mx\/?p=160943"},"modified":"2021-04-20T16:03:18","modified_gmt":"2021-04-20T21:03:18","slug":"gobierno-de-mexico-reconoce-61-mas-muertes-por-covid-19-a-las-confirmadas","status":"publish","type":"post","link":"https:\/\/plazajuarez.mx\/historico\/gobierno-de-mexico-reconoce-61-mas-muertes-por-covid-19-a-las-confirmadas\/","title":{"rendered":"Gobierno de M\u00e9xico reconoce 61 % m\u00e1s muertes por covid-19 a las confirmadas"},"content":{"rendered":"\n<p>Las muertes asociadas a covid-19 alcanzaron 316.344 hasta el 6 de marzo, una cifra 61,18 % mayor a las 196.272 confirmadas por la Secretar\u00eda de Salud (SSa) dentro de ese periodo, reconoci\u00f3 un informe del Gobierno publicado este martes.<\/p>\n\n\n\n<p>El reporte actualizado de &#8220;Exceso de Mortalidad en M\u00e9xico&#8221; mostr\u00f3 que hasta la novena semana epidemiol\u00f3gica de 2021, que termin\u00f3 el 6 de marzo, el pa\u00eds registr\u00f3 120.072 defunciones asociadas a la covid-19 m\u00e1s que las contabilizadas por la SSa hasta entonces.<\/p>\n\n\n\n<p>Adem\u00e1s, la SSa notific\u00f3 un acumulado de otras 16.194 defunciones por covid-19 en sus comunicados diarios hasta la noche de este lunes, lo que totalizar\u00eda al menos 332.538 personas fallecidas por el nuevo coronavirus.<\/p>\n\n\n\n<p>M\u00e9xico, con m\u00e1s de 2,3 millones de casos confirmados de covid-19, se consolida como el tercer pa\u00eds con m\u00e1s muertos por esta enfermedad, solo detr\u00e1s de Brasil y Estados Unidos, seg\u00fan la Universidad Johns Hopkins.<\/p>\n\n\n\n<p>Desde el inicio de la pandemia, M\u00e9xico ha apostado por una estrategia que consiste en realizar pocas pruebas, como demuestra su \u00edndice de positividad cercano al 50 %, y enfocarse en ampliar la capacidad hospitalaria en lugar de frenar los contagios.<\/p>\n\n\n\n<p>Especialistas han advertido que los conteos diarios de la Secretar\u00eda de Salud suelen excluir a las personas que fallecen en casa por carecer de acceso a servicios sanitarios.<\/p>\n\n\n\n<p>El informe detall\u00f3 que su metodolog\u00eda consisti\u00f3 en utilizar como variable la causa de muerte registrada en las actas de defunci\u00f3n con base en el Registro Nacional de Poblaci\u00f3n (Renapo).<\/p>\n\n\n\n<p>&#8220;Nos permite a trav\u00e9s de algoritmos de b\u00fasqueda de t\u00e9rminos relacionados con covid-19 identificar aquellas actas en la que se mencionan palabras como covid-19, SARS-CoV-2, coronavirus, entre otros&#8221;, expuso.<\/p>\n\n\n\n<p>La metodolog\u00eda es similar a la que utiliz\u00f3 el Instituto Nacional de Estad\u00edstica y Geograf\u00eda (Inegi), que encontr\u00f3 que M\u00e9xico tuvo 108.658 muertes de covid-19 en los primeros 8 meses de 2020, una cifra un 55,56 % superior a las 69.849 reportadas por las autoridades sanitarias hasta agosto.<\/p>\n\n\n\n<p>La publicaci\u00f3n tambi\u00e9n document\u00f3 un exceso de mortalidad de todas las causas de 444.722 decesos en el periodo 2020-2021.<\/p>\n\n\n\n<p>Esto significa que hubo 1.336.599 defunciones por todos los motivos a nivel nacional a pesar de que las muertes esperadas eran 891.877 con base en la tendencia hist\u00f3rica de 2015 a 2019.<\/p>\n\n\n\n<p>Esto es un porcentaje de exceso acumulado de defunciones de 49,9 %, de las que 71,1 % ser\u00edan asociadas a la covid-19, indic\u00f3 el reporte.<\/p>\n\n\n\n<p>La regi\u00f3n con m\u00e1s muertes es Ciudad de M\u00e9xico, con 183.574 observadas, un exceso de 87.702, de las que 68.038 ser\u00edan asociadas a covid-19, m\u00e1s de la quinta parte del total nacional pese a tener menos de un d\u00e9cimo de la poblaci\u00f3n.<\/p>\n","protected":false},"excerpt":{"rendered":"<p>Las muertes asociadas a covid-19 alcanzaron 316.344 hasta el 6 de marzo, una cifra 61,18 % mayor a las 196.272 confirmadas por la Secretar\u00eda de Salud (SSa) dentro de ese periodo, reconoci\u00f3 un informe del Gobierno publicado este martes. El reporte actualizado de &#8220;Exceso de Mortalidad en M\u00e9xico&#8221; mostr\u00f3 que hasta la novena semana epidemiol\u00f3gica [&hellip;]<\/p>\n","protected":false},"author":80,"featured_media":160944,"comment_status":"closed","ping_status":"open","sticky":false,"template":"","format":"standard","meta":{"footnotes":""},"categories":[15,36],"tags":[],"class_list":["post-160943","post","type-post","status-publish","format-standard","has-post-thumbnail","hentry","category-destacadas","category-nacion"],"_links":{"self":[{"href":"https:\/\/plazajuarez.mx\/historico\/wp-json\/wp\/v2\/posts\/160943","targetHints":{"allow":["GET"]}}],"collection":[{"href":"https:\/\/plazajuarez.mx\/historico\/wp-json\/wp\/v2\/posts"}],"about":[{"href":"https:\/\/plazajuarez.mx\/historico\/wp-json\/wp\/v2\/types\/post"}],"author":[{"embeddable":true,"href":"https:\/\/plazajuarez.mx\/historico\/wp-json\/wp\/v2\/users\/80"}],"replies":[{"embeddable":true,"href":"https:\/\/plazajuarez.mx\/historico\/wp-json\/wp\/v2\/comments?post=160943"}],"version-history":[{"count":0,"href":"https:\/\/plazajuarez.mx\/historico\/wp-json\/wp\/v2\/posts\/160943\/revisions"}],"wp:featuredmedia":[{"embeddable":true,"href":"https:\/\/plazajuarez.mx\/historico\/wp-json\/wp\/v2\/media\/160944"}],"wp:attachment":[{"href":"https:\/\/plazajuarez.mx\/historico\/wp-json\/wp\/v2\/media?parent=160943"}],"wp:term":[{"taxonomy":"category","embeddable":true,"href":"https:\/\/plazajuarez.mx\/historico\/wp-json\/wp\/v2\/categories?post=160943"},{"taxonomy":"post_tag","embeddable":true,"href":"https:\/\/plazajuarez.mx\/historico\/wp-json\/wp\/v2\/tags?post=160943"}],"curies":[{"name":"wp","href":"https:\/\/api.w.org\/{rel}","templated":true}]}}