{"id":160934,"date":"2021-04-20T13:53:39","date_gmt":"2021-04-20T18:53:39","guid":{"rendered":"https:\/\/plazajuarez.mx\/?p=160934"},"modified":"2021-04-20T13:53:51","modified_gmt":"2021-04-20T18:53:51","slug":"vacunacion-de-maestros-comienza-en-mexico-tras-un-ano-sin-clases-presenciales","status":"publish","type":"post","link":"https:\/\/plazajuarez.mx\/historico\/vacunacion-de-maestros-comienza-en-mexico-tras-un-ano-sin-clases-presenciales\/","title":{"rendered":"Vacunaci\u00f3n de maestros comienza en M\u00e9xico tras un a\u00f1o sin clases presenciales"},"content":{"rendered":"\n<p>M\u00e9xico comenz\u00f3 este martes la inmunizaci\u00f3n de sus m\u00e1s de 3 millones de maestros con la finalidad de reabrir pronto los colegios tras m\u00e1s de un a\u00f1o con clases virtuales, el mismo d\u00eda en el que vacunaron al presidente Andr\u00e9s Manuel L\u00f3pez Obrador.<\/p>\n\n\n\n<p>\u201cYo quer\u00eda vacunarme precisamente porque me parec\u00eda necesario, porque voy a ser mam\u00e1 pr\u00f3ximamente y considero que es importante desarrollar defensas&#8221;, dijo a Efe Maricarmen Ballinas G\u00f3mez, maestra de nivel superior y una de las primeras en recibir la vacuna en San Crist\u00f3bal de las Casas, en el suroriental estado mexicano de Chiapas.<\/p>\n\n\n\n<p>El plan de vacunaci\u00f3n a docentes en esa regi\u00f3n comenz\u00f3 puntual este martes y busca el regreso seguro a clases presenciales con la vacunaci\u00f3n de sus 121.000 maestros.<\/p>\n\n\n\n<p>Gabriel Mart\u00ednez, delegado de la Secretar\u00eda de Educaci\u00f3n en San Crist\u00f3bal de Las Casas, explic\u00f3 en una entrevista que en este lugar de Chiapas se espera vacunar, en este primera jornada y a lo largo de doce horas, a unos mil maestros.<\/p>\n\n\n\n<p>Chiapas es uno de los cinco estados, junto con Coahuila, Nayarit, Tamaulipas y Veracruz, en los que a lo largo de una semana se buscar\u00e1 vacunar a los casi 530.000 maestros de estas regiones con el ant\u00eddoto de CanSino, que solo requiere de una dosis, por lo que dentro de 15 d\u00edas ya podr\u00edan abrir las escuelas.<\/p>\n\n\n\n<p>La vacunaci\u00f3n del personal educativo del resto de estados se ir\u00e1 a\u00f1adiendo de forma gradual hasta el 28 de mayo, cuando el Gobierno prev\u00e9 haber inmunizado a poco m\u00e1s de 3 millones de maestros.<\/p>\n\n\n\n<p>Los educadores de Campeche, estado con menor \u00edndice de contagios, ya fueron vacunados en semanas pasadas como parte de un plan piloto.<\/p>\n\n\n\n<p>IMPACTO EN LA EDUCACI\u00d3N<\/p>\n\n\n\n<p>Los colegios fueron cerrados oficialmente el 20 de marzo de 2020 en M\u00e9xico, donde las clases se han impartido por televisi\u00f3n, radio e internet desde entonces.<\/p>\n\n\n\n<p>La tardanza en la reapertura de escuelas ha tenido un fuerte impacto en la educaci\u00f3n de ni\u00f1os y j\u00f3venes.<\/p>\n\n\n\n<p>Al menos esto reflejan algunos datos estad\u00edsticos oficiales, como que la pandemia y la falta de recursos econ\u00f3micos llev\u00f3 a que 5,2 millones de mexicanos de entre 3 y 29 a\u00f1os no est\u00e9n inscritos en el ciclo escolar 2020-2021.<\/p>\n\n\n\n<p>&#8220;Ya vamos a ir saliendo de esta situaci\u00f3n y necesitamos las clases presenciales, porque no hay nada que pueda sustituir la escuela. La escuela es no solo un centro de ense\u00f1anza, es el segundo hogar&#8221;, dijo este martes el presidente de M\u00e9xico, Andr\u00e9s Manuel L\u00f3pez Obrador.<\/p>\n\n\n\n<p>PRESIDENTE VACUNADO<\/p>\n\n\n\n<p>La jornada no ha estado solo marcada por el plan de inmunizaci\u00f3n de maestros, ya que el propio presidente de M\u00e9xico tambi\u00e9n se vacun\u00f3.<\/p>\n\n\n\n<p>Lo hizo durante su rueda de prensa, retransmitido en directo a trav\u00e9s de sus propios canales y medios de comunicaci\u00f3n.<\/p>\n\n\n\n<p>&#8220;No duele, pero adem\u00e1s ayuda mucho y nos protege a todos. Hago un llamado a todos los adultos mayores para que todos nos vacunemos. No hay ning\u00fan riesgo&#8221;, expres\u00f3 tras ser vacunado con el f\u00e1rmaco de AstraZeneca el mandatario, de 67 a\u00f1os, hipertenso y reacio a llevar cubrebocas en p\u00fablico.<\/p>\n\n\n\n<p>El analista de pol\u00edticas sanitarias Xavier Tello opin\u00f3 a Efe que L\u00f3pez Obrador deb\u00eda haberse vacunado antes por ser el jefe del Estado. &#8220;Como ejemplo para la poblaci\u00f3n me parece bien que invite a la gente a vacunarse, aunque creo que en M\u00e9xico no hay un problema grande de gente que reh\u00fase la vacuna&#8221;, agreg\u00f3.<\/p>\n\n\n\n<p>TEMIDA TERCERA OLA<\/p>\n\n\n\n<p>Con m\u00e1s de 212.000 muertos y 2,3 millones de contagios confirmados, M\u00e9xico es el tercer pa\u00eds del mundo con mayor n\u00famero de decesos, despu\u00e9s de Estados Unidos y Brasil, y ha aplicado hasta ahora 14,3 millones de dosis de distintas vacunas.<\/p>\n\n\n\n<p>Pese al constante avance del plan de inmunizaci\u00f3n en el pa\u00eds, en al menos diez estados de la naci\u00f3n ha habido un repunte de casos estos d\u00edas, por lo que los expertos ya hablan de una posible &#8220;tercera ola&#8221; de contagios, apenas dos semanas despu\u00e9s del fin de la Semana Santa.<\/p>\n\n\n\n<p>&#8220;Es una llamada de advertencia, no es una alerta porque no es un aumento precipitado extremo, pero s\u00ed una advertencia&#8221;, dijo el subsecretario de Prevenci\u00f3n y Promoci\u00f3n de la Salud, Hugo L\u00f3pez-Gatell, quien confes\u00f3 que le &#8220;preocupa que pudiera empezar una tercera ola&#8221;.<\/p>\n","protected":false},"excerpt":{"rendered":"<p>M\u00e9xico comenz\u00f3 este martes la inmunizaci\u00f3n de sus m\u00e1s de 3 millones de maestros con la finalidad de reabrir pronto los colegios tras m\u00e1s de un a\u00f1o con clases virtuales, el mismo d\u00eda en el que vacunaron al presidente Andr\u00e9s Manuel L\u00f3pez Obrador. \u201cYo quer\u00eda vacunarme precisamente porque me parec\u00eda necesario, porque voy a ser [&hellip;]<\/p>\n","protected":false},"author":80,"featured_media":160935,"comment_status":"closed","ping_status":"open","sticky":false,"template":"","format":"standard","meta":{"footnotes":""},"categories":[15,36],"tags":[],"class_list":["post-160934","post","type-post","status-publish","format-standard","has-post-thumbnail","hentry","category-destacadas","category-nacion"],"_links":{"self":[{"href":"https:\/\/plazajuarez.mx\/historico\/wp-json\/wp\/v2\/posts\/160934","targetHints":{"allow":["GET"]}}],"collection":[{"href":"https:\/\/plazajuarez.mx\/historico\/wp-json\/wp\/v2\/posts"}],"about":[{"href":"https:\/\/plazajuarez.mx\/historico\/wp-json\/wp\/v2\/types\/post"}],"author":[{"embeddable":true,"href":"https:\/\/plazajuarez.mx\/historico\/wp-json\/wp\/v2\/users\/80"}],"replies":[{"embeddable":true,"href":"https:\/\/plazajuarez.mx\/historico\/wp-json\/wp\/v2\/comments?post=160934"}],"version-history":[{"count":0,"href":"https:\/\/plazajuarez.mx\/historico\/wp-json\/wp\/v2\/posts\/160934\/revisions"}],"wp:featuredmedia":[{"embeddable":true,"href":"https:\/\/plazajuarez.mx\/historico\/wp-json\/wp\/v2\/media\/160935"}],"wp:attachment":[{"href":"https:\/\/plazajuarez.mx\/historico\/wp-json\/wp\/v2\/media?parent=160934"}],"wp:term":[{"taxonomy":"category","embeddable":true,"href":"https:\/\/plazajuarez.mx\/historico\/wp-json\/wp\/v2\/categories?post=160934"},{"taxonomy":"post_tag","embeddable":true,"href":"https:\/\/plazajuarez.mx\/historico\/wp-json\/wp\/v2\/tags?post=160934"}],"curies":[{"name":"wp","href":"https:\/\/api.w.org\/{rel}","templated":true}]}}