{"id":160927,"date":"2021-04-20T13:20:41","date_gmt":"2021-04-20T18:20:41","guid":{"rendered":"https:\/\/plazajuarez.mx\/?p=160927"},"modified":"2021-04-20T13:20:56","modified_gmt":"2021-04-20T18:20:56","slug":"edmundo-ramirez-sabia-de-antecedentes-penales-de-su-suplente-y-pacto-con-los-charrez-pan","status":"publish","type":"post","link":"https:\/\/plazajuarez.mx\/historico\/edmundo-ramirez-sabia-de-antecedentes-penales-de-su-suplente-y-pacto-con-los-charrez-pan\/","title":{"rendered":"Edmundo Ram\u00edrez, sab\u00eda de antecedentes penales de su suplente y pact\u00f3 con los Charrez: PAN"},"content":{"rendered":"\n<p><strong>Ixmiquilpan<\/strong><\/p>\n\n\n\n<p>Edmundo Ram\u00edrez, conoc\u00eda los antecedentes penales de Alfredo Ortiz Zamora, su suplente, incluso en la contienda pasada, cuando ambos fueron candidatos, lo ventil\u00f3 en sus m\u00edtines como \u201cdelincuente\u201d y \u201cdrogadicto\u201d afirm\u00f3, Alejandro Lugo, presidente del PAN con licencia en Ixmiquilpan.<\/p>\n\n\n\n<p>En entrevista con Diario Plaza Ju\u00e1rez, dijo, que el candidato suplente de Edmundo Ram\u00edrez, detenido ayer por elementos de la Polic\u00eda de Investigaci\u00f3n, no es militante del PAN, pero sus delitos s\u00ed afectar\u00e1n a las siglas del partido, porque fue incluido en una planilla, resultado de un acuerdo pol\u00edtico de la que los panistas est\u00e1n inconformes.<\/p>\n\n\n\n<p>Explic\u00f3, que Edmundo Ram\u00edrez, pact\u00f3 con el exdiputado federal, Cipriano Charrez, algo que la sociedad reprueba y reprobar\u00e1 en las elecciones de junio. Subray\u00f3, que justamente por ello en la elecci\u00f3n de octubre, Edmundo Ram\u00edrez obtuvo una votaci\u00f3n alta, porque \u00e9l ofrec\u00eda una alternativa, no m\u00e1s Charrez y se dedic\u00f3 a combatir a los candidatos relacionados con esa familia.<\/p>\n\n\n\n<p>Ahora dijo, se ha convertido en lo que prometi\u00f3 destruir, pactando cuadradamente en base a n\u00fameros, creyendo que la votaci\u00f3n obtenida por el hoy candidato detenido, ser\u00e1 la misma en estas elecciones. Lo que no midi\u00f3 sostuvo, es que la simpat\u00eda ciudadana y del PAN hacia \u00e9l, se ha diluido.<\/p>\n","protected":false},"excerpt":{"rendered":"<p>Ixmiquilpan Edmundo Ram\u00edrez, conoc\u00eda los antecedentes penales de Alfredo Ortiz Zamora, su suplente, incluso en la contienda pasada, cuando ambos fueron candidatos, lo ventil\u00f3 en sus m\u00edtines como \u201cdelincuente\u201d y \u201cdrogadicto\u201d afirm\u00f3, Alejandro Lugo, presidente del PAN con licencia en Ixmiquilpan. En entrevista con Diario Plaza Ju\u00e1rez, dijo, que el candidato suplente de Edmundo Ram\u00edrez, [&hellip;]<\/p>\n","protected":false},"author":75,"featured_media":160928,"comment_status":"closed","ping_status":"open","sticky":false,"template":"","format":"standard","meta":{"footnotes":""},"categories":[15,40],"tags":[],"class_list":["post-160927","post","type-post","status-publish","format-standard","has-post-thumbnail","hentry","category-destacadas","category-region"],"_links":{"self":[{"href":"https:\/\/plazajuarez.mx\/historico\/wp-json\/wp\/v2\/posts\/160927","targetHints":{"allow":["GET"]}}],"collection":[{"href":"https:\/\/plazajuarez.mx\/historico\/wp-json\/wp\/v2\/posts"}],"about":[{"href":"https:\/\/plazajuarez.mx\/historico\/wp-json\/wp\/v2\/types\/post"}],"author":[{"embeddable":true,"href":"https:\/\/plazajuarez.mx\/historico\/wp-json\/wp\/v2\/users\/75"}],"replies":[{"embeddable":true,"href":"https:\/\/plazajuarez.mx\/historico\/wp-json\/wp\/v2\/comments?post=160927"}],"version-history":[{"count":0,"href":"https:\/\/plazajuarez.mx\/historico\/wp-json\/wp\/v2\/posts\/160927\/revisions"}],"wp:featuredmedia":[{"embeddable":true,"href":"https:\/\/plazajuarez.mx\/historico\/wp-json\/wp\/v2\/media\/160928"}],"wp:attachment":[{"href":"https:\/\/plazajuarez.mx\/historico\/wp-json\/wp\/v2\/media?parent=160927"}],"wp:term":[{"taxonomy":"category","embeddable":true,"href":"https:\/\/plazajuarez.mx\/historico\/wp-json\/wp\/v2\/categories?post=160927"},{"taxonomy":"post_tag","embeddable":true,"href":"https:\/\/plazajuarez.mx\/historico\/wp-json\/wp\/v2\/tags?post=160927"}],"curies":[{"name":"wp","href":"https:\/\/api.w.org\/{rel}","templated":true}]}}