{"id":160914,"date":"2021-04-20T10:25:02","date_gmt":"2021-04-20T15:25:02","guid":{"rendered":"https:\/\/plazajuarez.mx\/?p=160914"},"modified":"2021-04-20T10:25:26","modified_gmt":"2021-04-20T15:25:26","slug":"amlo-se-vacuna-contra-covid-19-le-aplican-la-astrazeneca","status":"publish","type":"post","link":"https:\/\/plazajuarez.mx\/historico\/amlo-se-vacuna-contra-covid-19-le-aplican-la-astrazeneca\/","title":{"rendered":"AMLO se vacuna contra Covid-19; le aplican la AstraZeneca"},"content":{"rendered":"\n<p>El presidente, Andr\u00e9s Manuel L\u00f3pez Obrador, fue vacunado esta ma\u00f1ana de martes con el biol\u00f3gico de AstraZeneca en Palacio Nacional.<br><br>Personal de Salud y personal militar arribaron desde muy temprano al Sal\u00f3n Tesorer\u00eda de Palacio Nacional con la vacuna contra el Covid-19 para inmunizar al Presidente.<br><br>El biol\u00f3gico de AstraZeneca fue transportado en un hilera azul para conservar su temperatura. El momento fue transmitido en el canal de YouTube del mandatario, durante la llamada conferencia &#8220;Ma\u00f1anera&#8221;.<br><br>A pesar de que algunos pa\u00edses europeos suspendieron la aplicaci\u00f3n del biol\u00f3gico de la Universidad de Oxford, L\u00f3pez Obrador dijo que se aplicar\u00eda dicha vacuna, pues &#8220;no hay nada que temer&#8221;.<br><br>En enero pasado el presidente L\u00f3pez Obrador padeci\u00f3 Covid-19, primero hab\u00eda se\u00f1alado que no se vacunar\u00eda hasta que ya todos los adultos mayores tuvieran sus dosis, empero cambio de opini\u00f3n, y se\u00f1al\u00f3 que lo har\u00eda para dar confianza a la poblaci\u00f3n de que la vacuna es segura.<\/p>\n\n\n\n<figure class=\"wp-block-image size-large\"><img loading=\"lazy\" decoding=\"async\" width=\"2560\" height=\"1707\" src=\"https:\/\/plazajuarez.mx\/historico\/historico\/wp-content\/uploads\/2021\/04\/amlo-vacuna-2-scaled.jpg\" alt=\"\" class=\"wp-image-160916\" srcset=\"https:\/\/plazajuarez.mx\/historico\/wp-content\/uploads\/2021\/04\/amlo-vacuna-2-scaled.jpg 2560w, https:\/\/plazajuarez.mx\/historico\/wp-content\/uploads\/2021\/04\/amlo-vacuna-2-768x512.jpg 768w, https:\/\/plazajuarez.mx\/historico\/wp-content\/uploads\/2021\/04\/amlo-vacuna-2-1536x1024.jpg 1536w, https:\/\/plazajuarez.mx\/historico\/wp-content\/uploads\/2021\/04\/amlo-vacuna-2-2048x1366.jpg 2048w, https:\/\/plazajuarez.mx\/historico\/wp-content\/uploads\/2021\/04\/amlo-vacuna-2-274x183.jpg 274w, https:\/\/plazajuarez.mx\/historico\/wp-content\/uploads\/2021\/04\/amlo-vacuna-2-80x54.jpg 80w, https:\/\/plazajuarez.mx\/historico\/wp-content\/uploads\/2021\/04\/amlo-vacuna-2-130x87.jpg 130w, https:\/\/plazajuarez.mx\/historico\/wp-content\/uploads\/2021\/04\/amlo-vacuna-2-359x240.jpg 359w, https:\/\/plazajuarez.mx\/historico\/wp-content\/uploads\/2021\/04\/amlo-vacuna-2-85x57.jpg 85w, https:\/\/plazajuarez.mx\/historico\/wp-content\/uploads\/2021\/04\/amlo-vacuna-2-546x365.jpg 546w, https:\/\/plazajuarez.mx\/historico\/wp-content\/uploads\/2021\/04\/amlo-vacuna-2-165x109.jpg 165w, https:\/\/plazajuarez.mx\/historico\/wp-content\/uploads\/2021\/04\/amlo-vacuna-2-112x75.jpg 112w\" sizes=\"auto, (max-width: 2560px) 100vw, 2560px\" \/><figcaption>El presidente, Andr\u00e9s Manuel L\u00f3pez Obrador, fue vacunado esta ma\u00f1ana de martes 20 de abril de 2021 con el biol\u00f3gico de AstraZeneca en Palacio Nacional. Foto: Agencia EL UNIVERSAL<\/figcaption><\/figure>\n\n\n\n<p><strong>La vacuna AstraZeneca y el riesgo de trombosis<br><\/strong><br>Al respecto, la Organizaci\u00f3n Mundial de la Salud (OMS) anunci\u00f3 la vacuna AstraZeneca presenta a\u00fan &#8220;ampliamente&#8221; m\u00e1s beneficios que riesgos. &#8220;Estas ventajas son verdaderamente importantes en t\u00e9rmino de reducci\u00f3n de mortalidad entre la poblaci\u00f3n vacunada&#8221;, declar\u00f3 en rueda de prensa Rogerio Pinto de Sa Gaspar, director de regulaci\u00f3n y precalificaci\u00f3n, y dijo que expertos y medios tienen una excesiva tendencia a destacar los riesgos.<br><br>&#8220;Necesitamos restablecer el equilibrio (de nuestro mensaje) con los beneficios que aporta la vacuna&#8221;, a\u00f1adi\u00f3.<br><br>Un responsable de la Agencia Europea del Medicamento (EMA) hab\u00eda confirmado &#8220;un v\u00ednculo&#8221; entre la vacuna de AstraZeneca y las trombosis registradas entre personas que recibieron esa vacuna, seg\u00fan entrevista publicada el martes por el diario italiano Il Messaggero.<br><br>Despu\u00e9s, la EMA puntualiz\u00f3 que la formaci\u00f3n de co\u00e1gulos sangu\u00edneos es un efecto secundario &#8220;raro&#8221;, derivado del biol\u00f3gico de la Universidad de Oxford.<br><br><strong>El primer caso de trombosis en M\u00e9xico por vacuna AstraZeneca<br><\/strong><br>Hace unos d\u00edas se registr\u00f3 en M\u00e9xico el primer cuadro grave de trombocitopenia provocado por la aplicaci\u00f3n de la vacuna contra Covid-19 de AstraZeneca, as\u00ed lo dio a conocer el m\u00e9dico Roberto Ovilla Mart\u00ednez, jefe de hematolog\u00eda y trasplantes de m\u00e9dula \u00f3sea del Hospital \u00c1ngeles Lomas.<br><br><\/p>\n","protected":false},"excerpt":{"rendered":"<p>El presidente, Andr\u00e9s Manuel L\u00f3pez Obrador, fue vacunado esta ma\u00f1ana de martes con el biol\u00f3gico de AstraZeneca en Palacio Nacional. Personal de Salud y personal militar arribaron desde muy temprano al Sal\u00f3n Tesorer\u00eda de Palacio Nacional con la vacuna contra el Covid-19 para inmunizar al Presidente. El biol\u00f3gico de AstraZeneca fue transportado en un hilera [&hellip;]<\/p>\n","protected":false},"author":81,"featured_media":160915,"comment_status":"closed","ping_status":"open","sticky":false,"template":"","format":"standard","meta":{"footnotes":""},"categories":[15,36],"tags":[],"class_list":["post-160914","post","type-post","status-publish","format-standard","has-post-thumbnail","hentry","category-destacadas","category-nacion"],"_links":{"self":[{"href":"https:\/\/plazajuarez.mx\/historico\/wp-json\/wp\/v2\/posts\/160914","targetHints":{"allow":["GET"]}}],"collection":[{"href":"https:\/\/plazajuarez.mx\/historico\/wp-json\/wp\/v2\/posts"}],"about":[{"href":"https:\/\/plazajuarez.mx\/historico\/wp-json\/wp\/v2\/types\/post"}],"author":[{"embeddable":true,"href":"https:\/\/plazajuarez.mx\/historico\/wp-json\/wp\/v2\/users\/81"}],"replies":[{"embeddable":true,"href":"https:\/\/plazajuarez.mx\/historico\/wp-json\/wp\/v2\/comments?post=160914"}],"version-history":[{"count":0,"href":"https:\/\/plazajuarez.mx\/historico\/wp-json\/wp\/v2\/posts\/160914\/revisions"}],"wp:featuredmedia":[{"embeddable":true,"href":"https:\/\/plazajuarez.mx\/historico\/wp-json\/wp\/v2\/media\/160915"}],"wp:attachment":[{"href":"https:\/\/plazajuarez.mx\/historico\/wp-json\/wp\/v2\/media?parent=160914"}],"wp:term":[{"taxonomy":"category","embeddable":true,"href":"https:\/\/plazajuarez.mx\/historico\/wp-json\/wp\/v2\/categories?post=160914"},{"taxonomy":"post_tag","embeddable":true,"href":"https:\/\/plazajuarez.mx\/historico\/wp-json\/wp\/v2\/tags?post=160914"}],"curies":[{"name":"wp","href":"https:\/\/api.w.org\/{rel}","templated":true}]}}