{"id":160894,"date":"2021-04-20T10:07:39","date_gmt":"2021-04-20T15:07:39","guid":{"rendered":"https:\/\/plazajuarez.mx\/?p=160894"},"modified":"2021-04-20T10:07:50","modified_gmt":"2021-04-20T15:07:50","slug":"recuperan-tractor-que-habian-robado-horas-antes","status":"publish","type":"post","link":"https:\/\/plazajuarez.mx\/historico\/recuperan-tractor-que-habian-robado-horas-antes\/","title":{"rendered":"Recuperan tractor que hab\u00edan robado horas antes"},"content":{"rendered":"\n<p><strong> Tulancingo\u00a0<\/strong><\/p>\n\n\n\n<p>La madrugada del domingo fue recuperado, por polic\u00edas municipales, un tractor de uso agr\u00edcola que fue reportado como robado unas horas antes, en la comunidad de Santiago Caltengo.<\/p>\n\n\n\n<p>Los agentes policiacos acudieron al lugar tras el reporte, aproximadamente a la una de la madrugada, donde los vecinos les informaron que vieron pasar al tractor a toda velocidad.<\/p>\n\n\n\n<p>Ante ello, se realiz\u00f3 un operativo de b\u00fasqueda y localizaci\u00f3n sobre el Boulevard Quetzalc\u00f3atl, a la altura de la Colonia San Nicol\u00e1s El Chico, donde&nbsp; fue localizada la unidad, en calidad de abandonada, sobre un canal de riego.<\/p>\n\n\n\n<p>Se trat\u00f3 de un tractor color azul de la marca NEW HOLLAND 5610, el cual fue reconocido por el comisariado del Ejido Santiago Caltengo Buenos Aires, y corrobor\u00f3 que se trataba del tractor robado.<\/p>\n","protected":false},"excerpt":{"rendered":"<p>Tulancingo\u00a0 La madrugada del domingo fue recuperado, por polic\u00edas municipales, un tractor de uso agr\u00edcola que fue reportado como robado unas horas antes, en la comunidad de Santiago Caltengo. Los agentes policiacos acudieron al lugar tras el reporte, aproximadamente a la una de la madrugada, donde los vecinos les informaron que vieron pasar al tractor [&hellip;]<\/p>\n","protected":false},"author":70,"featured_media":160895,"comment_status":"closed","ping_status":"open","sticky":false,"template":"","format":"standard","meta":{"footnotes":""},"categories":[40],"tags":[],"class_list":["post-160894","post","type-post","status-publish","format-standard","has-post-thumbnail","hentry","category-region"],"_links":{"self":[{"href":"https:\/\/plazajuarez.mx\/historico\/wp-json\/wp\/v2\/posts\/160894","targetHints":{"allow":["GET"]}}],"collection":[{"href":"https:\/\/plazajuarez.mx\/historico\/wp-json\/wp\/v2\/posts"}],"about":[{"href":"https:\/\/plazajuarez.mx\/historico\/wp-json\/wp\/v2\/types\/post"}],"author":[{"embeddable":true,"href":"https:\/\/plazajuarez.mx\/historico\/wp-json\/wp\/v2\/users\/70"}],"replies":[{"embeddable":true,"href":"https:\/\/plazajuarez.mx\/historico\/wp-json\/wp\/v2\/comments?post=160894"}],"version-history":[{"count":0,"href":"https:\/\/plazajuarez.mx\/historico\/wp-json\/wp\/v2\/posts\/160894\/revisions"}],"wp:featuredmedia":[{"embeddable":true,"href":"https:\/\/plazajuarez.mx\/historico\/wp-json\/wp\/v2\/media\/160895"}],"wp:attachment":[{"href":"https:\/\/plazajuarez.mx\/historico\/wp-json\/wp\/v2\/media?parent=160894"}],"wp:term":[{"taxonomy":"category","embeddable":true,"href":"https:\/\/plazajuarez.mx\/historico\/wp-json\/wp\/v2\/categories?post=160894"},{"taxonomy":"post_tag","embeddable":true,"href":"https:\/\/plazajuarez.mx\/historico\/wp-json\/wp\/v2\/tags?post=160894"}],"curies":[{"name":"wp","href":"https:\/\/api.w.org\/{rel}","templated":true}]}}