{"id":160868,"date":"2021-04-20T10:02:33","date_gmt":"2021-04-20T15:02:33","guid":{"rendered":"https:\/\/plazajuarez.mx\/?p=160868"},"modified":"2021-04-20T10:02:48","modified_gmt":"2021-04-20T15:02:48","slug":"polemica-por-parodia-sobre-el-ejercito-chileno","status":"publish","type":"post","link":"https:\/\/plazajuarez.mx\/historico\/polemica-por-parodia-sobre-el-ejercito-chileno\/","title":{"rendered":"Pol\u00e9mica por parodia sobre el Ej\u00e9rcito chileno"},"content":{"rendered":"\n<p>EFE.- Un programa de televisi\u00f3n chileno que emiti\u00f3 una parodia sobre un general del Ej\u00e9rcito desat\u00f3 pol\u00e9mica en Chile tras ganarse el repudio del Gobierno y abrir un debate en torno a la libertad de expresi\u00f3n, al que se sumaron pol\u00edticos y organismos internacionales.<\/p>\n\n\n\n<p>La controversia comenz\u00f3 la noche del viernes, cuando el canal de televisi\u00f3n chileno La Red emiti\u00f3 un programa en clave de humor que caricaturizaba y cuestionaba a los altos mandos del Ej\u00e9rcito con un &#8220;sketch&#8221; en el que se entrevistaba a un comediante disfrazado de general.<\/p>\n\n\n\n<p>Tanto el Gobierno como otras instituciones militares publicaron una serie de comunicados orientados a repudiar el programa por &#8220;denostar la honra&#8221; de la instituci\u00f3n militar.<\/p>\n\n\n\n<p>&#8220;No es aceptable recurrir a la parodia para enlodar instituciones y personas que prestan un servicio imprescindible&#8221;, se\u00f1al\u00f3 el ministro de Defensa, Baldo Prokurica.<\/p>\n\n\n\n<p>Tambi\u00e9n reaccionaron la Armada y la Fuerza A\u00e9rea de Chile con un mensaje en el que mostraron &#8220;rechazo&#8221; a la emisi\u00f3n del programa e instaron a medios de comunicaci\u00f3n a &#8220;evitar la cr\u00edtica destemplada&#8221;.<\/p>\n","protected":false},"excerpt":{"rendered":"<p>EFE.- Un programa de televisi\u00f3n chileno que emiti\u00f3 una parodia sobre un general del Ej\u00e9rcito desat\u00f3 pol\u00e9mica en Chile tras ganarse el repudio del Gobierno y abrir un debate en torno a la libertad de expresi\u00f3n, al que se sumaron pol\u00edticos y organismos internacionales. La controversia comenz\u00f3 la noche del viernes, cuando el canal de [&hellip;]<\/p>\n","protected":false},"author":80,"featured_media":160862,"comment_status":"closed","ping_status":"open","sticky":false,"template":"","format":"standard","meta":{"footnotes":""},"categories":[31],"tags":[],"class_list":["post-160868","post","type-post","status-publish","format-standard","has-post-thumbnail","hentry","category-orbe"],"_links":{"self":[{"href":"https:\/\/plazajuarez.mx\/historico\/wp-json\/wp\/v2\/posts\/160868","targetHints":{"allow":["GET"]}}],"collection":[{"href":"https:\/\/plazajuarez.mx\/historico\/wp-json\/wp\/v2\/posts"}],"about":[{"href":"https:\/\/plazajuarez.mx\/historico\/wp-json\/wp\/v2\/types\/post"}],"author":[{"embeddable":true,"href":"https:\/\/plazajuarez.mx\/historico\/wp-json\/wp\/v2\/users\/80"}],"replies":[{"embeddable":true,"href":"https:\/\/plazajuarez.mx\/historico\/wp-json\/wp\/v2\/comments?post=160868"}],"version-history":[{"count":0,"href":"https:\/\/plazajuarez.mx\/historico\/wp-json\/wp\/v2\/posts\/160868\/revisions"}],"wp:featuredmedia":[{"embeddable":true,"href":"https:\/\/plazajuarez.mx\/historico\/wp-json\/wp\/v2\/media\/160862"}],"wp:attachment":[{"href":"https:\/\/plazajuarez.mx\/historico\/wp-json\/wp\/v2\/media?parent=160868"}],"wp:term":[{"taxonomy":"category","embeddable":true,"href":"https:\/\/plazajuarez.mx\/historico\/wp-json\/wp\/v2\/categories?post=160868"},{"taxonomy":"post_tag","embeddable":true,"href":"https:\/\/plazajuarez.mx\/historico\/wp-json\/wp\/v2\/tags?post=160868"}],"curies":[{"name":"wp","href":"https:\/\/api.w.org\/{rel}","templated":true}]}}