{"id":160867,"date":"2021-04-20T10:03:22","date_gmt":"2021-04-20T15:03:22","guid":{"rendered":"https:\/\/plazajuarez.mx\/?p=160867"},"modified":"2021-04-20T10:03:44","modified_gmt":"2021-04-20T15:03:44","slug":"egipto-abate-a-3-terroristas","status":"publish","type":"post","link":"https:\/\/plazajuarez.mx\/historico\/egipto-abate-a-3-terroristas\/","title":{"rendered":"Egipto abate a 3 &#8220;terroristas&#8221;"},"content":{"rendered":"\n<p>EFE.- Las fuerzas de seguridad egipcias abatieron a tres integrantes de una c\u00e9lula del grupo terrorista Estado Isl\u00e1mico (EI) en la pen\u00ednsula del Sina\u00ed tras la difusi\u00f3n de un v\u00eddeo en el que los radicales mostraban la ejecuci\u00f3n de dos j\u00f3venes y un cristiano copto, inform\u00f3 ayer el Ministerio de Interior.<\/p>\n\n\n\n<p>&#8220;Tres miembros de esta c\u00e9lula muy peligrosa se mov\u00edan en un coche Nissan para cometer una operaci\u00f3n hostil y fueron bloqueados. Entonces dispararon contra las fuerzas de seguridad, que respondieron caus\u00e1ndoles la muerte, adem\u00e1s de la explosi\u00f3n de un cintur\u00f3n explosivo que llevaba uno de ellos&#8221;, indic\u00f3.<\/p>\n\n\n\n<p>Interior afirm\u00f3 que la c\u00e9lula planificaba &#8220;llevar a cabo una serie de acciones hostiles contra los ciudadanos coptos y sus propiedades y lugares de culto&#8221; as\u00ed como contra &#8220;posiciones de la Fuerzas Armadas y la Polic\u00eda&#8221;.<\/p>\n","protected":false},"excerpt":{"rendered":"<p>EFE.- Las fuerzas de seguridad egipcias abatieron a tres integrantes de una c\u00e9lula del grupo terrorista Estado Isl\u00e1mico (EI) en la pen\u00ednsula del Sina\u00ed tras la difusi\u00f3n de un v\u00eddeo en el que los radicales mostraban la ejecuci\u00f3n de dos j\u00f3venes y un cristiano copto, inform\u00f3 ayer el Ministerio de Interior. &#8220;Tres miembros de esta [&hellip;]<\/p>\n","protected":false},"author":80,"featured_media":160861,"comment_status":"closed","ping_status":"open","sticky":false,"template":"","format":"standard","meta":{"footnotes":""},"categories":[31],"tags":[],"class_list":["post-160867","post","type-post","status-publish","format-standard","has-post-thumbnail","hentry","category-orbe"],"_links":{"self":[{"href":"https:\/\/plazajuarez.mx\/historico\/wp-json\/wp\/v2\/posts\/160867","targetHints":{"allow":["GET"]}}],"collection":[{"href":"https:\/\/plazajuarez.mx\/historico\/wp-json\/wp\/v2\/posts"}],"about":[{"href":"https:\/\/plazajuarez.mx\/historico\/wp-json\/wp\/v2\/types\/post"}],"author":[{"embeddable":true,"href":"https:\/\/plazajuarez.mx\/historico\/wp-json\/wp\/v2\/users\/80"}],"replies":[{"embeddable":true,"href":"https:\/\/plazajuarez.mx\/historico\/wp-json\/wp\/v2\/comments?post=160867"}],"version-history":[{"count":0,"href":"https:\/\/plazajuarez.mx\/historico\/wp-json\/wp\/v2\/posts\/160867\/revisions"}],"wp:featuredmedia":[{"embeddable":true,"href":"https:\/\/plazajuarez.mx\/historico\/wp-json\/wp\/v2\/media\/160861"}],"wp:attachment":[{"href":"https:\/\/plazajuarez.mx\/historico\/wp-json\/wp\/v2\/media?parent=160867"}],"wp:term":[{"taxonomy":"category","embeddable":true,"href":"https:\/\/plazajuarez.mx\/historico\/wp-json\/wp\/v2\/categories?post=160867"},{"taxonomy":"post_tag","embeddable":true,"href":"https:\/\/plazajuarez.mx\/historico\/wp-json\/wp\/v2\/tags?post=160867"}],"curies":[{"name":"wp","href":"https:\/\/api.w.org\/{rel}","templated":true}]}}