{"id":160866,"date":"2021-04-20T10:01:30","date_gmt":"2021-04-20T15:01:30","guid":{"rendered":"https:\/\/plazajuarez.mx\/?p=160866"},"modified":"2021-04-20T10:01:45","modified_gmt":"2021-04-20T15:01:45","slug":"futbolistas-no-podrian-jugar-con-sus-selecciones","status":"publish","type":"post","link":"https:\/\/plazajuarez.mx\/historico\/futbolistas-no-podrian-jugar-con-sus-selecciones\/","title":{"rendered":"Futbolistas no podr\u00edan jugar con sus selecciones"},"content":{"rendered":"\n<p>Desde antes de ser anunciada por los equipos que la crearon, la UEFA lanz\u00f3 un comunicado en contra de este nuevo torneo. En ese mensaje del organismo europeo se se\u00f1ala que los jugadores que participen en la nueva competencia, quedar\u00edan sin posibilidades de disputar torneos internacionales con sus respectivas selecciones.<\/p>\n\n\n\n<p>&#8220;Como ya anunciaron la FIFA y las seis confederaciones, los clubes en cuesti\u00f3n no podr\u00e1n jugar en ninguna otra competici\u00f3n a nivel nacional, europeo o mundial, y sus jugadores podr\u00edan verse privados de la oportunidad de representar a sus selecciones nacionales&#8221;.<\/p>\n\n\n\n<p>Los equipos fundadores de esta nueva Superliga son el Real Madrid, Barcelona y Atl\u00e9tico de Madrid en Espa\u00f1a, el Arsenal, Chelsea, Liverpool, Manchester City, Manchester United y Tottenham en Inglaterra, adem\u00e1s del Inter, Mil\u00e1n y la Juventus en Italia.<\/p>\n","protected":false},"excerpt":{"rendered":"<p>Desde antes de ser anunciada por los equipos que la crearon, la UEFA lanz\u00f3 un comunicado en contra de este nuevo torneo. En ese mensaje del organismo europeo se se\u00f1ala que los jugadores que participen en la nueva competencia, quedar\u00edan sin posibilidades de disputar torneos internacionales con sus respectivas selecciones. &#8220;Como ya anunciaron la FIFA [&hellip;]<\/p>\n","protected":false},"author":81,"featured_media":160858,"comment_status":"closed","ping_status":"open","sticky":false,"template":"","format":"standard","meta":{"footnotes":""},"categories":[39],"tags":[],"class_list":["post-160866","post","type-post","status-publish","format-standard","has-post-thumbnail","hentry","category-deportiva"],"_links":{"self":[{"href":"https:\/\/plazajuarez.mx\/historico\/wp-json\/wp\/v2\/posts\/160866","targetHints":{"allow":["GET"]}}],"collection":[{"href":"https:\/\/plazajuarez.mx\/historico\/wp-json\/wp\/v2\/posts"}],"about":[{"href":"https:\/\/plazajuarez.mx\/historico\/wp-json\/wp\/v2\/types\/post"}],"author":[{"embeddable":true,"href":"https:\/\/plazajuarez.mx\/historico\/wp-json\/wp\/v2\/users\/81"}],"replies":[{"embeddable":true,"href":"https:\/\/plazajuarez.mx\/historico\/wp-json\/wp\/v2\/comments?post=160866"}],"version-history":[{"count":0,"href":"https:\/\/plazajuarez.mx\/historico\/wp-json\/wp\/v2\/posts\/160866\/revisions"}],"wp:featuredmedia":[{"embeddable":true,"href":"https:\/\/plazajuarez.mx\/historico\/wp-json\/wp\/v2\/media\/160858"}],"wp:attachment":[{"href":"https:\/\/plazajuarez.mx\/historico\/wp-json\/wp\/v2\/media?parent=160866"}],"wp:term":[{"taxonomy":"category","embeddable":true,"href":"https:\/\/plazajuarez.mx\/historico\/wp-json\/wp\/v2\/categories?post=160866"},{"taxonomy":"post_tag","embeddable":true,"href":"https:\/\/plazajuarez.mx\/historico\/wp-json\/wp\/v2\/tags?post=160866"}],"curies":[{"name":"wp","href":"https:\/\/api.w.org\/{rel}","templated":true}]}}