{"id":160851,"date":"2021-04-20T09:57:15","date_gmt":"2021-04-20T14:57:15","guid":{"rendered":"https:\/\/plazajuarez.mx\/?p=160851"},"modified":"2021-04-20T09:57:37","modified_gmt":"2021-04-20T14:57:37","slug":"oribe-peralta-la-gran-decepcion-de-las-chivas","status":"publish","type":"post","link":"https:\/\/plazajuarez.mx\/historico\/oribe-peralta-la-gran-decepcion-de-las-chivas\/","title":{"rendered":"Oribe Peralta; la gran decepci\u00f3n de las Chivas"},"content":{"rendered":"\n<p>\u00a0(EL UNIVERSAL).- El delantero del Guadalajara Oribe Peralta reconoce que su paso por el equipo no ha sido lo que se esperaba, no ha cumplido sus expectativas individuales y tampoco ha estado a la altura de lo que el grupo necesita, por lo que est\u00e1 apenado por lo mostrado hasta ahora en el campo.<\/p>\n\n\n\n<p>&#8220;Los temas individuales son irrelevantes cuando perteneces a un grupo. Tienes que buscar estar en el mejor nivel, aportar desde donde toque porque a m\u00ed me han inculcado desde mi casa hasta la escuela, que siempre va el grupo por delante, el equipo en lugar de sobre salir uno mismo. Aun me siento en deuda, no he tenido la participaci\u00f3n que quer\u00eda ni he aportado lo suficiente dentro de la cancha&#8221;.<\/p>\n\n\n\n<p>Est\u00e1 claro en la responsabilidad que tiene, para lo que fue contratado y lejos de que aporte algo al grupo en lo interno, la meta era que hiciera goles, que se notara su presencia en el campo y eso no ha sucedido.<\/p>\n\n\n\n<p>&#8220;Me trajeron ac\u00e1 para rendir deportivamente, est\u00e1 muy claro que no he tenido la participaci\u00f3n que quisiera, pero si hay que dejar en claro que siempre he dado lo mejor de m\u00ed buscando los objetivos que se plantean como grupo, porque eso es lo que m\u00e1s importa&#8221;.<\/p>\n","protected":false},"excerpt":{"rendered":"<p>\u00a0(EL UNIVERSAL).- El delantero del Guadalajara Oribe Peralta reconoce que su paso por el equipo no ha sido lo que se esperaba, no ha cumplido sus expectativas individuales y tampoco ha estado a la altura de lo que el grupo necesita, por lo que est\u00e1 apenado por lo mostrado hasta ahora en el campo. &#8220;Los [&hellip;]<\/p>\n","protected":false},"author":81,"featured_media":160857,"comment_status":"closed","ping_status":"open","sticky":false,"template":"","format":"standard","meta":{"footnotes":""},"categories":[39],"tags":[],"class_list":["post-160851","post","type-post","status-publish","format-standard","has-post-thumbnail","hentry","category-deportiva"],"_links":{"self":[{"href":"https:\/\/plazajuarez.mx\/historico\/wp-json\/wp\/v2\/posts\/160851","targetHints":{"allow":["GET"]}}],"collection":[{"href":"https:\/\/plazajuarez.mx\/historico\/wp-json\/wp\/v2\/posts"}],"about":[{"href":"https:\/\/plazajuarez.mx\/historico\/wp-json\/wp\/v2\/types\/post"}],"author":[{"embeddable":true,"href":"https:\/\/plazajuarez.mx\/historico\/wp-json\/wp\/v2\/users\/81"}],"replies":[{"embeddable":true,"href":"https:\/\/plazajuarez.mx\/historico\/wp-json\/wp\/v2\/comments?post=160851"}],"version-history":[{"count":0,"href":"https:\/\/plazajuarez.mx\/historico\/wp-json\/wp\/v2\/posts\/160851\/revisions"}],"wp:featuredmedia":[{"embeddable":true,"href":"https:\/\/plazajuarez.mx\/historico\/wp-json\/wp\/v2\/media\/160857"}],"wp:attachment":[{"href":"https:\/\/plazajuarez.mx\/historico\/wp-json\/wp\/v2\/media?parent=160851"}],"wp:term":[{"taxonomy":"category","embeddable":true,"href":"https:\/\/plazajuarez.mx\/historico\/wp-json\/wp\/v2\/categories?post=160851"},{"taxonomy":"post_tag","embeddable":true,"href":"https:\/\/plazajuarez.mx\/historico\/wp-json\/wp\/v2\/tags?post=160851"}],"curies":[{"name":"wp","href":"https:\/\/api.w.org\/{rel}","templated":true}]}}