{"id":160849,"date":"2021-04-20T09:54:43","date_gmt":"2021-04-20T14:54:43","guid":{"rendered":"https:\/\/plazajuarez.mx\/?p=160849"},"modified":"2021-04-20T09:55:00","modified_gmt":"2021-04-20T14:55:00","slug":"cine-de-manana-44","status":"publish","type":"post","link":"https:\/\/plazajuarez.mx\/historico\/cine-de-manana-44\/","title":{"rendered":"CINE DE MA\u00d1ANA"},"content":{"rendered":"\n<h2 class=\"wp-block-heading\">Virgen de verano<\/h2>\n\n\n\n<p>Eva (Itsaso Arana) es una actriz desempleada de 33 a\u00f1os que decide pasar el verano en un departamento prestado en Madrid, mientras que la mayor\u00eda de los espa\u00f1oles se van de vacaciones para celebrar las fiestas populares de San Cayetano, San Lorenzo y La Paloma.<\/p>\n\n\n\n<p>Durante ese periodo tomar\u00e1 las decisiones m\u00e1s importantes para continuar su vida.<\/p>\n\n\n\n<p>Esa es a grandes rasgos la trama de La virgen de agosto, el filme del espa\u00f1ol Jonas Trueba que forma parte de la LXIX Muestra Internacional de Cine que esperamos llegue pronto al teatro Guillermo Romo del Vivar.,<\/p>\n\n\n\n<p>El filme nos record\u00f3 el d\u00edptico que realiz\u00f3 Jos\u00e9 Luis Guer\u00edn en 2007, En la ciudad de Sylvia, con la bella Pilar L\u00f3pez de Ayala.<\/p>\n\n\n\n<p>En ella un hombre (Xavier Lafitte) regresa a Estrasburgo en busca de la mujer que se enamor\u00f3 seis a\u00f1os antes. En el viaje recorrer\u00e1 la ciudad para tratar de conectarse de nueva cuenta con Sylvia.<\/p>\n\n\n\n<p>El joven director madrile\u00f1o de Los ilusos estableci\u00f3 una estrecha relaci\u00f3n con su int\u00e9rprete para recrear la historia de Eva.<\/p>\n\n\n\n<p>Durante su recorrido la c\u00e1mara de Santiago Racaj visita sitios poco tur\u00edsticos y entabla relaci\u00f3n con seres marginales que se encuentran a la deriva como ella.<\/p>\n\n\n\n<p>A medio camino entre los cuentos morales de Eric Rohmer y las b\u00fasquedas de Jacques Rivette, Trueba consigue un filme sencillo y apasionante, que gano el Premio Fipresci en el Festival Karlovy Vary y el Globo de Cristal para su director.<\/p>\n","protected":false},"excerpt":{"rendered":"<p>Virgen de verano Eva (Itsaso Arana) es una actriz desempleada de 33 a\u00f1os que decide pasar el verano en un departamento prestado en Madrid, mientras que la mayor\u00eda de los espa\u00f1oles se van de vacaciones para celebrar las fiestas populares de San Cayetano, San Lorenzo y La Paloma. Durante ese periodo tomar\u00e1 las decisiones m\u00e1s [&hellip;]<\/p>\n","protected":false},"author":96,"featured_media":160855,"comment_status":"closed","ping_status":"open","sticky":false,"template":"","format":"standard","meta":{"footnotes":""},"categories":[41,54,42],"tags":[],"class_list":["post-160849","post","type-post","status-publish","format-standard","has-post-thumbnail","hentry","category-arteria-cultural","category-jorge-carrasco","category-nuestrapalabra"],"_links":{"self":[{"href":"https:\/\/plazajuarez.mx\/historico\/wp-json\/wp\/v2\/posts\/160849","targetHints":{"allow":["GET"]}}],"collection":[{"href":"https:\/\/plazajuarez.mx\/historico\/wp-json\/wp\/v2\/posts"}],"about":[{"href":"https:\/\/plazajuarez.mx\/historico\/wp-json\/wp\/v2\/types\/post"}],"author":[{"embeddable":true,"href":"https:\/\/plazajuarez.mx\/historico\/wp-json\/wp\/v2\/users\/96"}],"replies":[{"embeddable":true,"href":"https:\/\/plazajuarez.mx\/historico\/wp-json\/wp\/v2\/comments?post=160849"}],"version-history":[{"count":0,"href":"https:\/\/plazajuarez.mx\/historico\/wp-json\/wp\/v2\/posts\/160849\/revisions"}],"wp:featuredmedia":[{"embeddable":true,"href":"https:\/\/plazajuarez.mx\/historico\/wp-json\/wp\/v2\/media\/160855"}],"wp:attachment":[{"href":"https:\/\/plazajuarez.mx\/historico\/wp-json\/wp\/v2\/media?parent=160849"}],"wp:term":[{"taxonomy":"category","embeddable":true,"href":"https:\/\/plazajuarez.mx\/historico\/wp-json\/wp\/v2\/categories?post=160849"},{"taxonomy":"post_tag","embeddable":true,"href":"https:\/\/plazajuarez.mx\/historico\/wp-json\/wp\/v2\/tags?post=160849"}],"curies":[{"name":"wp","href":"https:\/\/api.w.org\/{rel}","templated":true}]}}