{"id":160825,"date":"2021-04-20T07:33:23","date_gmt":"2021-04-20T12:33:23","guid":{"rendered":"https:\/\/plazajuarez.mx\/?p=160825"},"modified":"2021-04-20T07:33:44","modified_gmt":"2021-04-20T12:33:44","slug":"a-clases-si-se-cumple-con-las-3-v","status":"publish","type":"post","link":"https:\/\/plazajuarez.mx\/historico\/a-clases-si-se-cumple-con-las-3-v\/","title":{"rendered":"A clases, si se cumple con las 3 \u201cV\u201d"},"content":{"rendered":"\n<p>El titular de la Secretar\u00eda de Salud de Hidalgo (SSH) Efra\u00edn Ben\u00edtez Herrera, asegur\u00f3 que el regreso a clases presenciales ser\u00e1 un hecho, solo si se cumple con las 3 \u201cV\u201d: Vacunaci\u00f3n, pasar a sem\u00e1foro Verde y la Voluntad de comunidad estudiantil y padres de familia.<\/p>\n\n\n\n<p>En entrevista en el programa \u201cAl Aire\u201d del Sistema de Radio y Televisi\u00f3n de Hidalgo se\u00f1al\u00f3 que a estos criterios se suma el modificar la cultura de la seguridad en los alumnos, \u201clos ni\u00f1os tienen que usar cubrebocas, disminuir aforos en salones de clases, lo cual es muy complejo en un pa\u00eds en donde las primarias y secundarias abarrotadas, porque en salones de clases llenos de ni\u00f1os y mal ventilados, representan un sitio que en un momento dado pueden surgir brotes\u201d.<\/p>\n\n\n\n<p>Precis\u00f3 que en reuni\u00f3n con el titular de la Secretar\u00eda de Educaci\u00f3n P\u00fablica de Hidalgo (SEPH) se establecieron condiciones para regresar a clases presenciales, primero que se debe vacunar todo el magisterio (docentes, administrativos e intendentes); y comenzar a vacunar a los ni\u00f1os, adolescentes y adultos j\u00f3venes, luego que las cepas generan mella en este sector con el s\u00edndrome inflamatorio multisist\u00e9mico pedi\u00e1trico, reacci\u00f3n de haber sido portadores asintom\u00e1ticos del virus.<\/p>\n\n\n\n<p>Asimismo, indic\u00f3 la posibilidad de realizar un estudio en estudiantes de universidades para determinar el porcentaje de contagio que ha tenido la juventud hidalguense y de esta manera \u201ctener una idea si estamos ante la presencia de una inmunidad de reba\u00f1o\u201d.<\/p>\n\n\n\n<p>En tanto, Ben\u00edtez Herrera manifest\u00f3 que hasta el momento la entidad se encuentra en una meseta luego que no se ha registrado un incremento grave de casos, \u201clas vacaciones no pegaron tanto como se esperaba, estamos cumpliendo 14 d\u00edas, lo podemos confirmar a finales de esta semana\u201d.<\/p>\n\n\n\n<p>Sentenci\u00f3 que de no registrarse aumento en el n\u00famero de casos ni defunciones al finalizar la semana, comenzar\u00e1n a modificar las estrategias implementadas en el estado, entre ellas la desconversi\u00f3n de hospitales para prepararse para el oto\u00f1o e invierno ante las nuevas cepas que vienen de sudam\u00e9rica.<\/p>\n","protected":false},"excerpt":{"rendered":"<p>El titular de la Secretar\u00eda de Salud de Hidalgo (SSH) Efra\u00edn Ben\u00edtez Herrera, asegur\u00f3 que el regreso a clases presenciales ser\u00e1 un hecho, solo si se cumple con las 3 \u201cV\u201d: Vacunaci\u00f3n, pasar a sem\u00e1foro Verde y la Voluntad de comunidad estudiantil y padres de familia. En entrevista en el programa \u201cAl Aire\u201d del Sistema [&hellip;]<\/p>\n","protected":false},"author":73,"featured_media":160826,"comment_status":"closed","ping_status":"open","sticky":false,"template":"","format":"standard","meta":{"footnotes":""},"categories":[15,59],"tags":[],"class_list":["post-160825","post","type-post","status-publish","format-standard","has-post-thumbnail","hentry","category-destacadas","category-general"],"_links":{"self":[{"href":"https:\/\/plazajuarez.mx\/historico\/wp-json\/wp\/v2\/posts\/160825","targetHints":{"allow":["GET"]}}],"collection":[{"href":"https:\/\/plazajuarez.mx\/historico\/wp-json\/wp\/v2\/posts"}],"about":[{"href":"https:\/\/plazajuarez.mx\/historico\/wp-json\/wp\/v2\/types\/post"}],"author":[{"embeddable":true,"href":"https:\/\/plazajuarez.mx\/historico\/wp-json\/wp\/v2\/users\/73"}],"replies":[{"embeddable":true,"href":"https:\/\/plazajuarez.mx\/historico\/wp-json\/wp\/v2\/comments?post=160825"}],"version-history":[{"count":0,"href":"https:\/\/plazajuarez.mx\/historico\/wp-json\/wp\/v2\/posts\/160825\/revisions"}],"wp:featuredmedia":[{"embeddable":true,"href":"https:\/\/plazajuarez.mx\/historico\/wp-json\/wp\/v2\/media\/160826"}],"wp:attachment":[{"href":"https:\/\/plazajuarez.mx\/historico\/wp-json\/wp\/v2\/media?parent=160825"}],"wp:term":[{"taxonomy":"category","embeddable":true,"href":"https:\/\/plazajuarez.mx\/historico\/wp-json\/wp\/v2\/categories?post=160825"},{"taxonomy":"post_tag","embeddable":true,"href":"https:\/\/plazajuarez.mx\/historico\/wp-json\/wp\/v2\/tags?post=160825"}],"curies":[{"name":"wp","href":"https:\/\/api.w.org\/{rel}","templated":true}]}}