{"id":160782,"date":"2021-04-19T16:34:19","date_gmt":"2021-04-19T21:34:19","guid":{"rendered":"https:\/\/plazajuarez.mx\/?p=160782"},"modified":"2021-04-19T16:34:33","modified_gmt":"2021-04-19T21:34:33","slug":"jovenes-en-la-agenda-legislativa-de-sayonara-vargas","status":"publish","type":"post","link":"https:\/\/plazajuarez.mx\/historico\/jovenes-en-la-agenda-legislativa-de-sayonara-vargas\/","title":{"rendered":"J\u00d3VENES EN LA AGENDA LEGISLATIVA DE SAYONARA VARGAS"},"content":{"rendered":"\n<p>Acompa\u00f1ada por Julio Valera Piedras, presidente del Partido Revolucionario Institucional (PRI) en Hidalgo, Sayonara Vargas Rodr\u00edguez, candidata a diputada federal por el Distrito 01 con sede en Huejutla de la coalici\u00f3n <em>Va por M\u00e9xico<\/em>, agradeci\u00f3 la confianza que las y los habitantes de San Felipe Orizatl\u00e1n le est\u00e1n brindando al permitir llegar hasta ellos, mirarlos a los ojos y presentar cada una de sus propuestas que tiene en los cuatro ejes que estar\u00e1 atendiendo.&nbsp;<\/p>\n\n\n\n<p>&#8220;Cuando est\u00e9 en el Congreso, el primer tema en el que voy a trabajar es la empleabilidad para los j\u00f3venes&#8221;, expres\u00f3 Sayonara Vargas Rodr\u00edguez, quien por su experiencia en el ramo educativo sabe muy bien lo que ellos batallan para conseguir un trabajo.<\/p>\n\n\n\n<p>&#8220;Egresan de las escuelas de nivel superior; tocan mil puertas buscando un empleo y no lo encuentran&#8221;, manifest\u00f3 la candidata a diputada federal por el Distrito 01, quien se comprometi\u00f3 a gestionar desde el Congreso, proyectos y recursos para que los j\u00f3venes puedan contar con un trabajo, sin salir de su tierra.<\/p>\n\n\n\n<p>&#8220;Tienen en m\u00ed a una aliada que permanentemente ha estado en contacto con los j\u00f3venes, por lo que buscar\u00e9 que mejoren sus condiciones de vida\u201d, subray\u00f3 la abanderada de <em>Va por M\u00e9xico<\/em>.<\/p>\n\n\n\n<p>Sayonara Vargas tambi\u00e9n se refiri\u00f3 a las mujeres, a quienes extern\u00f3 que en ella encontrar\u00e1n a una aliada. Les se\u00f1al\u00f3 que una vez que llegue a la C\u00e1mara Baja, se instalar\u00e1 una mesa de atenci\u00f3n y un grupo de abogados para que les brinden asesor\u00eda, y ayuden a aquellas que tengan problemas legales o que han sido violentadas y maltratadas f\u00edsica y emocionalmente.<\/p>\n\n\n\n<p>A\u00f1adi\u00f3 que pugnar\u00e1 para que no sufran m\u00e1s discriminaci\u00f3n, que haya personas que hablen su idioma en los hospitales y que regresen programas como Prospera, que fue arrebatado a 6.9 millones de mujeres en el pa\u00eds.<\/p>\n\n\n\n<p>Afirm\u00f3 que la hora de las mujeres y los j\u00f3venes ha llegado, por lo que solicit\u00f3 el voto para la f\u00f3rmula que encabeza, al igual que para V\u00edctor Fernel. \u201cTrabajaremos de la mano para lograr tener un distrito bien atendido, que crezca y avance, gracias a la creaci\u00f3n de nuevas y mejores condiciones que nos permitan seguir creciendo\u201d, puntualiz\u00f3 Sayonara Vargas Rodr\u00edguez.<\/p>\n","protected":false},"excerpt":{"rendered":"<p>Acompa\u00f1ada por Julio Valera Piedras, presidente del Partido Revolucionario Institucional (PRI) en Hidalgo, Sayonara Vargas Rodr\u00edguez, candidata a diputada federal por el Distrito 01 con sede en Huejutla de la coalici\u00f3n Va por M\u00e9xico, agradeci\u00f3 la confianza que las y los habitantes de San Felipe Orizatl\u00e1n le est\u00e1n brindando al permitir llegar hasta ellos, mirarlos [&hellip;]<\/p>\n","protected":false},"author":93,"featured_media":160776,"comment_status":"closed","ping_status":"open","sticky":false,"template":"","format":"standard","meta":{"footnotes":""},"categories":[15,2154,59],"tags":[],"class_list":["post-160782","post","type-post","status-publish","format-standard","has-post-thumbnail","hentry","category-destacadas","category-elecciones21","category-general"],"_links":{"self":[{"href":"https:\/\/plazajuarez.mx\/historico\/wp-json\/wp\/v2\/posts\/160782","targetHints":{"allow":["GET"]}}],"collection":[{"href":"https:\/\/plazajuarez.mx\/historico\/wp-json\/wp\/v2\/posts"}],"about":[{"href":"https:\/\/plazajuarez.mx\/historico\/wp-json\/wp\/v2\/types\/post"}],"author":[{"embeddable":true,"href":"https:\/\/plazajuarez.mx\/historico\/wp-json\/wp\/v2\/users\/93"}],"replies":[{"embeddable":true,"href":"https:\/\/plazajuarez.mx\/historico\/wp-json\/wp\/v2\/comments?post=160782"}],"version-history":[{"count":0,"href":"https:\/\/plazajuarez.mx\/historico\/wp-json\/wp\/v2\/posts\/160782\/revisions"}],"wp:featuredmedia":[{"embeddable":true,"href":"https:\/\/plazajuarez.mx\/historico\/wp-json\/wp\/v2\/media\/160776"}],"wp:attachment":[{"href":"https:\/\/plazajuarez.mx\/historico\/wp-json\/wp\/v2\/media?parent=160782"}],"wp:term":[{"taxonomy":"category","embeddable":true,"href":"https:\/\/plazajuarez.mx\/historico\/wp-json\/wp\/v2\/categories?post=160782"},{"taxonomy":"post_tag","embeddable":true,"href":"https:\/\/plazajuarez.mx\/historico\/wp-json\/wp\/v2\/tags?post=160782"}],"curies":[{"name":"wp","href":"https:\/\/api.w.org\/{rel}","templated":true}]}}