{"id":160739,"date":"2021-04-19T10:59:45","date_gmt":"2021-04-19T15:59:45","guid":{"rendered":"https:\/\/plazajuarez.mx\/?p=160739"},"modified":"2021-04-19T11:00:05","modified_gmt":"2021-04-19T16:00:05","slug":"conduje-como-un-idiota-asegura-el-checo-perez","status":"publish","type":"post","link":"https:\/\/plazajuarez.mx\/historico\/conduje-como-un-idiota-asegura-el-checo-perez\/","title":{"rendered":"&#8220;Conduje como un idiota&#8221;: asegura el \u201cCheco\u201d P\u00e9rez"},"content":{"rendered":"\n<p>(EL UNIVERSAL).- El mexicano Sergio &#8220;Checo&#8221; P\u00e9rez se dijo &#8220;un idiota&#8221;, por la manera en la que compiti\u00f3 durante el Gran Premio de Emilia-Romagna.<\/p>\n\n\n\n<p>Despu\u00e9s de terminar en la posici\u00f3n 12 sobre el Aut\u00f3dromo Enzo e Dino Ferrari, donde arranc\u00f3 segundo, &#8220;Checo&#8221; se disculp\u00f3 con su equipo, Red Bull, por su desempe\u00f1o este domingo.<\/p>\n\n\n\n<p>&#8220;Lo siento mucho, muchachos. Conduje como un idiota este d\u00eda. Perd\u00f3n&#8221;, se escuch\u00f3 al tricolor decir por la radio de la escuder\u00eda.<\/p>\n\n\n\n<p>P\u00e9rez se ubicaba en la cuarta posici\u00f3n en Imola, cuando perdi\u00f3 el control de su monoplaza y cay\u00f3 10 lugares, de los cuales, solo pudo rescatar dos y se qued\u00f3 sin puntos en la segunda carrera de la temporada.<\/p>\n\n\n\n<p>Ese error del mexicano le cost\u00f3 la oportunidad de sumar unidades en el campeonato de pilotos y de constructores.\u00a0<\/p>\n","protected":false},"excerpt":{"rendered":"<p>(EL UNIVERSAL).- El mexicano Sergio &#8220;Checo&#8221; P\u00e9rez se dijo &#8220;un idiota&#8221;, por la manera en la que compiti\u00f3 durante el Gran Premio de Emilia-Romagna. Despu\u00e9s de terminar en la posici\u00f3n 12 sobre el Aut\u00f3dromo Enzo e Dino Ferrari, donde arranc\u00f3 segundo, &#8220;Checo&#8221; se disculp\u00f3 con su equipo, Red Bull, por su desempe\u00f1o este domingo. &#8220;Lo [&hellip;]<\/p>\n","protected":false},"author":81,"featured_media":160749,"comment_status":"closed","ping_status":"open","sticky":false,"template":"","format":"standard","meta":{"footnotes":""},"categories":[39],"tags":[],"class_list":["post-160739","post","type-post","status-publish","format-standard","has-post-thumbnail","hentry","category-deportiva"],"_links":{"self":[{"href":"https:\/\/plazajuarez.mx\/historico\/wp-json\/wp\/v2\/posts\/160739","targetHints":{"allow":["GET"]}}],"collection":[{"href":"https:\/\/plazajuarez.mx\/historico\/wp-json\/wp\/v2\/posts"}],"about":[{"href":"https:\/\/plazajuarez.mx\/historico\/wp-json\/wp\/v2\/types\/post"}],"author":[{"embeddable":true,"href":"https:\/\/plazajuarez.mx\/historico\/wp-json\/wp\/v2\/users\/81"}],"replies":[{"embeddable":true,"href":"https:\/\/plazajuarez.mx\/historico\/wp-json\/wp\/v2\/comments?post=160739"}],"version-history":[{"count":0,"href":"https:\/\/plazajuarez.mx\/historico\/wp-json\/wp\/v2\/posts\/160739\/revisions"}],"wp:featuredmedia":[{"embeddable":true,"href":"https:\/\/plazajuarez.mx\/historico\/wp-json\/wp\/v2\/media\/160749"}],"wp:attachment":[{"href":"https:\/\/plazajuarez.mx\/historico\/wp-json\/wp\/v2\/media?parent=160739"}],"wp:term":[{"taxonomy":"category","embeddable":true,"href":"https:\/\/plazajuarez.mx\/historico\/wp-json\/wp\/v2\/categories?post=160739"},{"taxonomy":"post_tag","embeddable":true,"href":"https:\/\/plazajuarez.mx\/historico\/wp-json\/wp\/v2\/tags?post=160739"}],"curies":[{"name":"wp","href":"https:\/\/api.w.org\/{rel}","templated":true}]}}