{"id":160634,"date":"2021-04-18T11:28:25","date_gmt":"2021-04-18T16:28:25","guid":{"rendered":"https:\/\/plazajuarez.mx\/?p=160634"},"modified":"2021-04-18T11:28:25","modified_gmt":"2021-04-18T16:28:25","slug":"los-familiares-de-una-mujer-de-39-anos-reportaron-su-desaparicion","status":"publish","type":"post","link":"https:\/\/plazajuarez.mx\/historico\/los-familiares-de-una-mujer-de-39-anos-reportaron-su-desaparicion\/","title":{"rendered":"Los familiares de una mujer de 39 a\u00f1os reportaron su desaparici\u00f3n"},"content":{"rendered":"\n<p>Durante las \u00faltimas horas familiares de una mujer de 39 a\u00f1os de edad, acudieron a la Procuradur\u00eda General de Justicia del estado de Hidalgo, para reportar su desaparici\u00f3n y pedir el apoyo para tratar de dar con su localizaci\u00f3n, ya que temen que pueda ser v\u00edctima de alg\u00fan delito.<\/p>\n\n\n\n<p>Por ello la dependencia dedicada a procurar justicia realiz\u00f3 la activaci\u00f3n de la Ficha de B\u00fasqueda con matr\u00edcula FDBHGO\/105\/2021 con la finalidad de localizar a Annel Aguilar Zarco, de quien se inform\u00f3 que es vecina del municipio de Mineral de la Reforma.<\/p>\n\n\n\n<p>De la mujer de 39 a\u00f1os de edad, se detall\u00f3 que se le vio por \u00faltima vez el 14 de abril del a\u00f1o en curso al salir de su casa en Mineral de la Reforma y hasta el momento se desconoce su paradero, por lo que se le considera como una persona no localizada.<\/p>\n","protected":false},"excerpt":{"rendered":"<p>Durante las \u00faltimas horas familiares de una mujer de 39 a\u00f1os de edad, acudieron a la Procuradur\u00eda General de Justicia del estado de Hidalgo, para reportar su desaparici\u00f3n y pedir el apoyo para tratar de dar con su localizaci\u00f3n, ya que temen que pueda ser v\u00edctima de alg\u00fan delito. Por ello la dependencia dedicada a [&hellip;]<\/p>\n","protected":false},"author":93,"featured_media":160636,"comment_status":"closed","ping_status":"open","sticky":false,"template":"","format":"standard","meta":{"footnotes":""},"categories":[37],"tags":[],"class_list":["post-160634","post","type-post","status-publish","format-standard","has-post-thumbnail","hentry","category-barandilla"],"_links":{"self":[{"href":"https:\/\/plazajuarez.mx\/historico\/wp-json\/wp\/v2\/posts\/160634","targetHints":{"allow":["GET"]}}],"collection":[{"href":"https:\/\/plazajuarez.mx\/historico\/wp-json\/wp\/v2\/posts"}],"about":[{"href":"https:\/\/plazajuarez.mx\/historico\/wp-json\/wp\/v2\/types\/post"}],"author":[{"embeddable":true,"href":"https:\/\/plazajuarez.mx\/historico\/wp-json\/wp\/v2\/users\/93"}],"replies":[{"embeddable":true,"href":"https:\/\/plazajuarez.mx\/historico\/wp-json\/wp\/v2\/comments?post=160634"}],"version-history":[{"count":0,"href":"https:\/\/plazajuarez.mx\/historico\/wp-json\/wp\/v2\/posts\/160634\/revisions"}],"wp:featuredmedia":[{"embeddable":true,"href":"https:\/\/plazajuarez.mx\/historico\/wp-json\/wp\/v2\/media\/160636"}],"wp:attachment":[{"href":"https:\/\/plazajuarez.mx\/historico\/wp-json\/wp\/v2\/media?parent=160634"}],"wp:term":[{"taxonomy":"category","embeddable":true,"href":"https:\/\/plazajuarez.mx\/historico\/wp-json\/wp\/v2\/categories?post=160634"},{"taxonomy":"post_tag","embeddable":true,"href":"https:\/\/plazajuarez.mx\/historico\/wp-json\/wp\/v2\/tags?post=160634"}],"curies":[{"name":"wp","href":"https:\/\/api.w.org\/{rel}","templated":true}]}}