{"id":160621,"date":"2021-04-18T11:31:13","date_gmt":"2021-04-18T16:31:13","guid":{"rendered":"https:\/\/plazajuarez.mx\/?p=160621"},"modified":"2021-04-18T11:31:13","modified_gmt":"2021-04-18T16:31:13","slug":"expresidente-peruano-martin-vizcarra-inhabilitado-10-anos","status":"publish","type":"post","link":"https:\/\/plazajuarez.mx\/historico\/expresidente-peruano-martin-vizcarra-inhabilitado-10-anos\/","title":{"rendered":"Expresidente peruano Mart\u00edn Vizcarra inhabilitado 10 a\u00f1os"},"content":{"rendered":"\n<p>EFE.- El Congreso de Per\u00fa oficializ\u00f3 ayer la inhabilitaci\u00f3n pol\u00edtica por diez a\u00f1os del expresidente Mart\u00edn Vizcarra (2018-2020), que aprob\u00f3 el viernes tras someterlo a un juicio pol\u00edtico por haberse vacunado el a\u00f1o pasado en secreto contra la covid-19.<\/p>\n\n\n\n<p>La decisi\u00f3n, tomada con 86 votos a favor del pleno del Legislativo, fue publicada en el diario oficial El Peruano y tambi\u00e9n comprende la inhabilitaci\u00f3n durante 8 a\u00f1os de la exministra de Salud Pilar Mazzetti y por un a\u00f1o de la excanciller Elizabeth Astete.<\/p>\n\n\n\n<p>Las resoluciones legislativas, que impiden a los tres ex altos funcionarios ocupar cualquier cargo p\u00fablico durante el per\u00edodo de inhabilitaci\u00f3n fue firmada por la presidenta del Congreso, Mirtha V\u00e1squez, y el segundo vicepresidente, Luis Roel.<\/p>\n\n\n\n<p>En el caso de Vizcarra, esta decisi\u00f3n impedir\u00e1 que sea parte del Congreso que se instalar\u00e1 este 28 de julio para el per\u00edodo 2021-2026, a pesar de que fue el candidato m\u00e1s votado en las elecciones del domingo pasado, con cerca de 164.000 sufragios.<\/p>\n","protected":false},"excerpt":{"rendered":"<p>EFE.- El Congreso de Per\u00fa oficializ\u00f3 ayer la inhabilitaci\u00f3n pol\u00edtica por diez a\u00f1os del expresidente Mart\u00edn Vizcarra (2018-2020), que aprob\u00f3 el viernes tras someterlo a un juicio pol\u00edtico por haberse vacunado el a\u00f1o pasado en secreto contra la covid-19. La decisi\u00f3n, tomada con 86 votos a favor del pleno del Legislativo, fue publicada en el [&hellip;]<\/p>\n","protected":false},"author":80,"featured_media":160641,"comment_status":"closed","ping_status":"open","sticky":false,"template":"","format":"standard","meta":{"footnotes":""},"categories":[31],"tags":[],"class_list":["post-160621","post","type-post","status-publish","format-standard","has-post-thumbnail","hentry","category-orbe"],"_links":{"self":[{"href":"https:\/\/plazajuarez.mx\/historico\/wp-json\/wp\/v2\/posts\/160621","targetHints":{"allow":["GET"]}}],"collection":[{"href":"https:\/\/plazajuarez.mx\/historico\/wp-json\/wp\/v2\/posts"}],"about":[{"href":"https:\/\/plazajuarez.mx\/historico\/wp-json\/wp\/v2\/types\/post"}],"author":[{"embeddable":true,"href":"https:\/\/plazajuarez.mx\/historico\/wp-json\/wp\/v2\/users\/80"}],"replies":[{"embeddable":true,"href":"https:\/\/plazajuarez.mx\/historico\/wp-json\/wp\/v2\/comments?post=160621"}],"version-history":[{"count":0,"href":"https:\/\/plazajuarez.mx\/historico\/wp-json\/wp\/v2\/posts\/160621\/revisions"}],"wp:featuredmedia":[{"embeddable":true,"href":"https:\/\/plazajuarez.mx\/historico\/wp-json\/wp\/v2\/media\/160641"}],"wp:attachment":[{"href":"https:\/\/plazajuarez.mx\/historico\/wp-json\/wp\/v2\/media?parent=160621"}],"wp:term":[{"taxonomy":"category","embeddable":true,"href":"https:\/\/plazajuarez.mx\/historico\/wp-json\/wp\/v2\/categories?post=160621"},{"taxonomy":"post_tag","embeddable":true,"href":"https:\/\/plazajuarez.mx\/historico\/wp-json\/wp\/v2\/tags?post=160621"}],"curies":[{"name":"wp","href":"https:\/\/api.w.org\/{rel}","templated":true}]}}