{"id":160618,"date":"2021-04-18T11:30:17","date_gmt":"2021-04-18T16:30:17","guid":{"rendered":"https:\/\/plazajuarez.mx\/?p=160618"},"modified":"2021-04-18T11:30:17","modified_gmt":"2021-04-18T16:30:17","slug":"el-var-la-figura-del-clasico-joven","status":"publish","type":"post","link":"https:\/\/plazajuarez.mx\/historico\/el-var-la-figura-del-clasico-joven\/","title":{"rendered":"EL VAR, LA FIGURA DEL CL\u00c1SICO JOVEN"},"content":{"rendered":"\n<p>\u00a0(EL UNIVERSAL).- En duelo de l\u00edder y subl\u00edder, el protagonista fue el VAR. En el choque m\u00e1s esperado de la jornada, Cruz Azul y Am\u00e9rica, los dos primeros lugares de la tabla, hicieron gala de su talento defensivo y empataron \u00fanicamente gracias a la marcaci\u00f3n de dos penales.<\/p>\n\n\n\n<p>Por pate del Am\u00e9rica, fue el espa\u00f1ol Fidalgo qui\u00e9n incursion\u00f3 en el \u00e1rea grande para recibir una barrida temeraria del &#8220;Piojo&#8221; Alvarado. El silbante Guerrero de entrada amonest\u00f3 al espa\u00f1ol por presuntamente fingir una falta, pero fue llamado por el VAR. En la repetici\u00f3n logr\u00f3 apreciar un contacto que en la cancha hubiera sido complicado de ver. Marc\u00f3 el penal y Emanuel Aguilera cobr\u00f3 con potencia al costado izquierdo de Corona, apenas al minuto 39.<\/p>\n\n\n\n<p>Am\u00e9rica se fue al descanso con la ventaja, pero para la segunda mitad la M\u00e1quina despert\u00f3. Sin embargo, la aplicaci\u00f3n defensiva del Am\u00e9rica tambi\u00e9n era precisa hasta que Mauro Lainez cometi\u00f3 un penal al barrerse y tocar el bal\u00f3n con la mano. El silbante de entrada tampoco la decret\u00f3 y fue de nueva cuenta el VAR quien le apoy\u00f3 para que fuera a revisarla y marcarla. Jonathan Rodr\u00edguez tom\u00f3 el bal\u00f3n y cobr\u00f3 al costado derecho de Ochoa, para el 1-1 final.<\/p>\n","protected":false},"excerpt":{"rendered":"<p>\u00a0(EL UNIVERSAL).- En duelo de l\u00edder y subl\u00edder, el protagonista fue el VAR. En el choque m\u00e1s esperado de la jornada, Cruz Azul y Am\u00e9rica, los dos primeros lugares de la tabla, hicieron gala de su talento defensivo y empataron \u00fanicamente gracias a la marcaci\u00f3n de dos penales. Por pate del Am\u00e9rica, fue el espa\u00f1ol [&hellip;]<\/p>\n","protected":false},"author":81,"featured_media":160638,"comment_status":"closed","ping_status":"open","sticky":false,"template":"","format":"standard","meta":{"footnotes":""},"categories":[39],"tags":[],"class_list":["post-160618","post","type-post","status-publish","format-standard","has-post-thumbnail","hentry","category-deportiva"],"_links":{"self":[{"href":"https:\/\/plazajuarez.mx\/historico\/wp-json\/wp\/v2\/posts\/160618","targetHints":{"allow":["GET"]}}],"collection":[{"href":"https:\/\/plazajuarez.mx\/historico\/wp-json\/wp\/v2\/posts"}],"about":[{"href":"https:\/\/plazajuarez.mx\/historico\/wp-json\/wp\/v2\/types\/post"}],"author":[{"embeddable":true,"href":"https:\/\/plazajuarez.mx\/historico\/wp-json\/wp\/v2\/users\/81"}],"replies":[{"embeddable":true,"href":"https:\/\/plazajuarez.mx\/historico\/wp-json\/wp\/v2\/comments?post=160618"}],"version-history":[{"count":0,"href":"https:\/\/plazajuarez.mx\/historico\/wp-json\/wp\/v2\/posts\/160618\/revisions"}],"wp:featuredmedia":[{"embeddable":true,"href":"https:\/\/plazajuarez.mx\/historico\/wp-json\/wp\/v2\/media\/160638"}],"wp:attachment":[{"href":"https:\/\/plazajuarez.mx\/historico\/wp-json\/wp\/v2\/media?parent=160618"}],"wp:term":[{"taxonomy":"category","embeddable":true,"href":"https:\/\/plazajuarez.mx\/historico\/wp-json\/wp\/v2\/categories?post=160618"},{"taxonomy":"post_tag","embeddable":true,"href":"https:\/\/plazajuarez.mx\/historico\/wp-json\/wp\/v2\/tags?post=160618"}],"curies":[{"name":"wp","href":"https:\/\/api.w.org\/{rel}","templated":true}]}}