{"id":160525,"date":"2021-04-16T23:56:26","date_gmt":"2021-04-17T04:56:26","guid":{"rendered":"https:\/\/plazajuarez.mx\/?p=160525"},"modified":"2021-04-16T23:56:48","modified_gmt":"2021-04-17T04:56:48","slug":"quitemonos-el-miedo-y-atrevamonos-al-cambio-erika-rodriguez","status":"publish","type":"post","link":"https:\/\/plazajuarez.mx\/historico\/quitemonos-el-miedo-y-atrevamonos-al-cambio-erika-rodriguez\/","title":{"rendered":"\u201cQuit\u00e9monos el miedo y atrev\u00e1monos al cambio\u201d: Erika Rodr\u00edguez"},"content":{"rendered":"\n<p><strong>El Arenal\u00a0<\/strong><\/p>\n\n\n\n<p>Los j\u00f3venes profesionistas, campesinos, transportistas y vecinos de El Arenal alzaron la voz. Ahora s\u00ed, dijeron, quieren personas con sensibilidad y compromiso que los representen en el Congreso de Hidalgo y en la C\u00e1mara de Diputados federal. Erika Rodr\u00edguez estuvo de acuerdo: &#8220;quit\u00e9monos el miedo y atrev\u00e1monos&#8221;.<\/p>\n\n\n\n<p>La candidata a diputada por el octavo Distrito Local Electoral de la coalici\u00f3n <em>Va por Hidalgo<\/em> estuvo en El Arenal, donde dialog\u00f3 con la gente.&nbsp;<\/p>\n\n\n\n<p>Los transportistas se quejaron de los moches que tienen que dar para recibir contratos de obras federales; estudiantes le manifestaron que una vez concluidos sus estudios, buscan oportunidades laborales, las cuales son escasas. La candidata le manifest\u00f3 que buscar\u00e1 los mecanismos para fortalecer a este sector.<\/p>\n\n\n\n<p>Los productores de nopal lamentaron que el gobierno de la Rep\u00fablica les haya retirado todos los apoyos y que hoy el sector no forme parte de la prioridad que debe tener la seguridad alimentaria.&nbsp;<\/p>\n\n\n\n<p>La abanderada de la coalici\u00f3n <em>Va por Hidalgo<\/em> (PRI, PRD, PAN y Encuentro Social Hidalgo), llam\u00f3 a hacer frente com\u00fan en favor de la honestidad, los valores y el compromiso.<\/p>\n\n\n\n<p>&#8220;Tenemos que entender que legisladores y servidores p\u00fablicos, somos empleados y que debemos atender a la sociedad como se merece&#8221;. Reproch\u00f3 que todav\u00eda hoy, exista quien legisle desde el escritorio, aprobando leyes que muy poco o nada sirven a la sociedad.<\/p>\n\n\n\n<p><\/p>\n\n\n\n<p><\/p>\n","protected":false},"excerpt":{"rendered":"<p>El Arenal\u00a0 Los j\u00f3venes profesionistas, campesinos, transportistas y vecinos de El Arenal alzaron la voz. Ahora s\u00ed, dijeron, quieren personas con sensibilidad y compromiso que los representen en el Congreso de Hidalgo y en la C\u00e1mara de Diputados federal. Erika Rodr\u00edguez estuvo de acuerdo: &#8220;quit\u00e9monos el miedo y atrev\u00e1monos&#8221;. La candidata a diputada por el [&hellip;]<\/p>\n","protected":false},"author":93,"featured_media":160526,"comment_status":"closed","ping_status":"open","sticky":false,"template":"","format":"standard","meta":{"footnotes":""},"categories":[40],"tags":[],"class_list":["post-160525","post","type-post","status-publish","format-standard","has-post-thumbnail","hentry","category-region"],"_links":{"self":[{"href":"https:\/\/plazajuarez.mx\/historico\/wp-json\/wp\/v2\/posts\/160525","targetHints":{"allow":["GET"]}}],"collection":[{"href":"https:\/\/plazajuarez.mx\/historico\/wp-json\/wp\/v2\/posts"}],"about":[{"href":"https:\/\/plazajuarez.mx\/historico\/wp-json\/wp\/v2\/types\/post"}],"author":[{"embeddable":true,"href":"https:\/\/plazajuarez.mx\/historico\/wp-json\/wp\/v2\/users\/93"}],"replies":[{"embeddable":true,"href":"https:\/\/plazajuarez.mx\/historico\/wp-json\/wp\/v2\/comments?post=160525"}],"version-history":[{"count":0,"href":"https:\/\/plazajuarez.mx\/historico\/wp-json\/wp\/v2\/posts\/160525\/revisions"}],"wp:featuredmedia":[{"embeddable":true,"href":"https:\/\/plazajuarez.mx\/historico\/wp-json\/wp\/v2\/media\/160526"}],"wp:attachment":[{"href":"https:\/\/plazajuarez.mx\/historico\/wp-json\/wp\/v2\/media?parent=160525"}],"wp:term":[{"taxonomy":"category","embeddable":true,"href":"https:\/\/plazajuarez.mx\/historico\/wp-json\/wp\/v2\/categories?post=160525"},{"taxonomy":"post_tag","embeddable":true,"href":"https:\/\/plazajuarez.mx\/historico\/wp-json\/wp\/v2\/tags?post=160525"}],"curies":[{"name":"wp","href":"https:\/\/api.w.org\/{rel}","templated":true}]}}