{"id":160181,"date":"2021-04-15T06:00:00","date_gmt":"2021-04-15T11:00:00","guid":{"rendered":"https:\/\/plazajuarez.mx\/?p=160181"},"modified":"2021-04-14T23:13:40","modified_gmt":"2021-04-15T04:13:40","slug":"se-deslindan-empresarios-de-publicaciones-apocrifas","status":"publish","type":"post","link":"https:\/\/plazajuarez.mx\/historico\/se-deslindan-empresarios-de-publicaciones-apocrifas\/","title":{"rendered":"Se deslindan empresarios de publicaciones \u201cap\u00f3crifas\u201d"},"content":{"rendered":"\n<p>A trav\u00e9s de un comunicado, el presidente de la Confederaci\u00f3n Patronal de la Rep\u00fablica Mexicana (Coparmex) en Hidalgo, Alberto Paredes Due\u00f1as, inform\u00f3 que mediante redes sociales se ha circulado una imagen ap\u00f3crifa mediante la cual se promueve una aplicaci\u00f3n cuya utilizaci\u00f3n asegur\u00f3 \u201cpodr\u00eda resultar en una afectaci\u00f3n a un partido pol\u00edtico\u201d por lo que enfatiz\u00f3 que dicho organismo empresarial se deslinda del acto.<\/p>\n\n\n\n<p>\u201cDesde la Coparmex, nos deslindamos de este hecho y condenamos cualquier acci\u00f3n que enturbie el proceso electoral 2020-2021. Si bien, somos una instituci\u00f3n ciudadana altamente pol\u00edtica, somos tambi\u00e9n totalmente apartidistas. No tenemos preferencia por partido o candidato alguno, ni estamos en contra de ellos\u201d, dijo.<\/p>\n\n\n\n<p>Y lament\u00f3 el hecho: \u201cnegamos cualquier v\u00ednculo con esa informaci\u00f3n y reiteramos que nuestro compromiso es con las Empresas, la ciudadan\u00eda y la democracia. El Proceso Electoral 2020-2021 debe llevarse a cabo en un ambiente que nos permita a los ciudadanos estar informados, decidir en libertad y con la seguridad de que nuestro mandato expresado en las urnas ser\u00e1 respetado\u201d.<\/p>\n","protected":false},"excerpt":{"rendered":"<p>A trav\u00e9s de un comunicado, el presidente de la Confederaci\u00f3n Patronal de la Rep\u00fablica Mexicana (Coparmex) en Hidalgo, Alberto Paredes Due\u00f1as, inform\u00f3 que mediante redes sociales se ha circulado una imagen ap\u00f3crifa mediante la cual se promueve una aplicaci\u00f3n cuya utilizaci\u00f3n asegur\u00f3 \u201cpodr\u00eda resultar en una afectaci\u00f3n a un partido pol\u00edtico\u201d por lo que enfatiz\u00f3 [&hellip;]<\/p>\n","protected":false},"author":72,"featured_media":160195,"comment_status":"closed","ping_status":"open","sticky":false,"template":"","format":"standard","meta":{"footnotes":""},"categories":[15,59],"tags":[],"class_list":["post-160181","post","type-post","status-publish","format-standard","has-post-thumbnail","hentry","category-destacadas","category-general"],"_links":{"self":[{"href":"https:\/\/plazajuarez.mx\/historico\/wp-json\/wp\/v2\/posts\/160181","targetHints":{"allow":["GET"]}}],"collection":[{"href":"https:\/\/plazajuarez.mx\/historico\/wp-json\/wp\/v2\/posts"}],"about":[{"href":"https:\/\/plazajuarez.mx\/historico\/wp-json\/wp\/v2\/types\/post"}],"author":[{"embeddable":true,"href":"https:\/\/plazajuarez.mx\/historico\/wp-json\/wp\/v2\/users\/72"}],"replies":[{"embeddable":true,"href":"https:\/\/plazajuarez.mx\/historico\/wp-json\/wp\/v2\/comments?post=160181"}],"version-history":[{"count":0,"href":"https:\/\/plazajuarez.mx\/historico\/wp-json\/wp\/v2\/posts\/160181\/revisions"}],"wp:featuredmedia":[{"embeddable":true,"href":"https:\/\/plazajuarez.mx\/historico\/wp-json\/wp\/v2\/media\/160195"}],"wp:attachment":[{"href":"https:\/\/plazajuarez.mx\/historico\/wp-json\/wp\/v2\/media?parent=160181"}],"wp:term":[{"taxonomy":"category","embeddable":true,"href":"https:\/\/plazajuarez.mx\/historico\/wp-json\/wp\/v2\/categories?post=160181"},{"taxonomy":"post_tag","embeddable":true,"href":"https:\/\/plazajuarez.mx\/historico\/wp-json\/wp\/v2\/tags?post=160181"}],"curies":[{"name":"wp","href":"https:\/\/api.w.org\/{rel}","templated":true}]}}