{"id":160074,"date":"2021-04-14T09:18:46","date_gmt":"2021-04-14T14:18:46","guid":{"rendered":"https:\/\/plazajuarez.mx\/?p=160074"},"modified":"2021-04-14T09:19:00","modified_gmt":"2021-04-14T14:19:00","slug":"por-no-poder-tender-la-cama-sujeto-mata-a-golpes-a-menor-en-nl","status":"publish","type":"post","link":"https:\/\/plazajuarez.mx\/historico\/por-no-poder-tender-la-cama-sujeto-mata-a-golpes-a-menor-en-nl\/","title":{"rendered":"Por no poder tender la cama sujeto mata a golpes a menor en NL"},"content":{"rendered":"\n<p>Juan Carlos &#8220;N&#8221;, de 29 a\u00f1os de edad, ingres\u00f3 al centro de reinserci\u00f3n social de Apodaca, acusado de privar de la vida a golpes al ni\u00f1o M.V.H., de cuatro a\u00f1os de edad, hijo de su pareja, porque el menor no supo &#8220;tender la cama&#8221;. Seg\u00fan la autopsia, el ni\u00f1o sufri\u00f3 contusi\u00f3n profunda de t\u00f3rax y abdomen.<\/p>\n\n\n\n<p>La Fiscal\u00eda General de Justicia de Nuevo Le\u00f3n, a trav\u00e9s de la Subdirecci\u00f3n de Investigaci\u00f3n de Homicidios de la Agencia Estatal de Investigaciones, dio cumplimiento a una orden de aprehensi\u00f3n en contra del mencionado sujeto, por los delitos de homicidio calificado y violencia familiar.<\/p>\n\n\n\n<p>La detenci\u00f3n de Juan Carlos &#8220;N&#8221;, se llev\u00f3 a cabo el lunes doce de abril en avenida Las Torres cruz con la calle Cer\u00e1mica, en la colonia Parque Industrial Escobedo, en el municipio de Escobedo, Nuevo Le\u00f3n. Posteriormente fue internado en el Centro de Reinserci\u00f3n Social No.2 del Estado, que se localiza en el kil\u00f3metro 15 de carretera a Salinas Victoria, en el municipio de Apodaca.<\/p>\n\n\n\n<p>A Juan Carlos se le considera probable responsable de la muerte violenta de M.V.H., de cuatro a\u00f1os de edad, seg\u00fan hechos reportados el diez de abril a las 14:17 horas, desde las instalaciones de la Cl\u00ednica Municipal, ubicada en el centro de Salinas Victoria, Nuevo Le\u00f3n, a donde el menor fue trasladado para su atenci\u00f3n de las lesiones que le propin\u00f3 la pareja de su madre.<\/p>\n\n\n\n<p><strong>Golpeaba a su pareja y a ni\u00f1os<\/strong><\/p>\n\n\n\n<p>Seg\u00fan las investigaciones de los agentes ministeriales y por versiones recabadas de testigos, desde principios de marzo, el detenido ejerc\u00eda violencia f\u00edsica en contra de los menores M.V.H, de cuatro y H.J.V.H, de cinco a\u00f1os de edad y en contra de la madre de los ni\u00f1os, con quien viv\u00eda en uni\u00f3n libre, en un domicilio de la calle Maestranza 219, edificio E, departamento 301, de la colonia Los Pilares, en Salinas Victoria.<\/p>\n\n\n\n<p>Juan Carlos &#8220;N&#8221; golpeaba a los ni\u00f1os porque no hac\u00edan las cosas como quer\u00eda, y arremet\u00eda tambi\u00e9n contra la madre de los menores, al intervenir en su defensa. Una de las agresiones ocurri\u00f3 el pasado seis de abril, aproximadamente a las 20:00 horas, cuando el investigado golpe\u00f3 a M.V.H, supuestamente no quer\u00eda comer y &#8220;no tra\u00eda las chanclas bien puestas&#8221;. Asimismo, seg\u00fan las indagatorias del caso, golpe\u00f3 a la madre, cuando defendi\u00f3 al menor.<\/p>\n\n\n\n<p>El diez de abril, entre las 6:40 y las 12:30 horas, al hallarse el investigado solamente con los menores, les exigi\u00f3 realizar labores de limpieza, orden\u00e1ndole a M. V. H. &#8220;tender la cama&#8221; y al no poder realizar dicha tarea, llev\u00f3 al ni\u00f1o a una de las habitaciones, donde lo agredi\u00f3 f\u00edsicamente, caus\u00e1ndole lesiones que a la postre le ocasionaron la muerte, se\u00f1al\u00f3 la Fiscal\u00eda General del Estado.<\/p>\n\n\n\n<p>Despu\u00e9s de que fueron in\u00fatiles los esfuerzos por salvarle la vida en la Cl\u00ednica Municipal, el cuerpo del menor fue trasladado a las instalaciones del Servicio M\u00e9dico Forense (Semefo), para la autopsia de ley. Seg\u00fan el dictamen de los m\u00e9dicos legistas, la causa del deceso fue contusi\u00f3n profunda de t\u00f3rax y abdomen.<\/p>\n","protected":false},"excerpt":{"rendered":"<p>Juan Carlos &#8220;N&#8221;, de 29 a\u00f1os de edad, ingres\u00f3 al centro de reinserci\u00f3n social de Apodaca, acusado de privar de la vida a golpes al ni\u00f1o M.V.H., de cuatro a\u00f1os de edad, hijo de su pareja, porque el menor no supo &#8220;tender la cama&#8221;. Seg\u00fan la autopsia, el ni\u00f1o sufri\u00f3 contusi\u00f3n profunda de t\u00f3rax y [&hellip;]<\/p>\n","protected":false},"author":81,"featured_media":160089,"comment_status":"closed","ping_status":"open","sticky":false,"template":"","format":"standard","meta":{"footnotes":""},"categories":[37],"tags":[],"class_list":["post-160074","post","type-post","status-publish","format-standard","has-post-thumbnail","hentry","category-barandilla"],"_links":{"self":[{"href":"https:\/\/plazajuarez.mx\/historico\/wp-json\/wp\/v2\/posts\/160074","targetHints":{"allow":["GET"]}}],"collection":[{"href":"https:\/\/plazajuarez.mx\/historico\/wp-json\/wp\/v2\/posts"}],"about":[{"href":"https:\/\/plazajuarez.mx\/historico\/wp-json\/wp\/v2\/types\/post"}],"author":[{"embeddable":true,"href":"https:\/\/plazajuarez.mx\/historico\/wp-json\/wp\/v2\/users\/81"}],"replies":[{"embeddable":true,"href":"https:\/\/plazajuarez.mx\/historico\/wp-json\/wp\/v2\/comments?post=160074"}],"version-history":[{"count":0,"href":"https:\/\/plazajuarez.mx\/historico\/wp-json\/wp\/v2\/posts\/160074\/revisions"}],"wp:featuredmedia":[{"embeddable":true,"href":"https:\/\/plazajuarez.mx\/historico\/wp-json\/wp\/v2\/media\/160089"}],"wp:attachment":[{"href":"https:\/\/plazajuarez.mx\/historico\/wp-json\/wp\/v2\/media?parent=160074"}],"wp:term":[{"taxonomy":"category","embeddable":true,"href":"https:\/\/plazajuarez.mx\/historico\/wp-json\/wp\/v2\/categories?post=160074"},{"taxonomy":"post_tag","embeddable":true,"href":"https:\/\/plazajuarez.mx\/historico\/wp-json\/wp\/v2\/tags?post=160074"}],"curies":[{"name":"wp","href":"https:\/\/api.w.org\/{rel}","templated":true}]}}