{"id":160019,"date":"2021-04-13T17:29:20","date_gmt":"2021-04-13T22:29:20","guid":{"rendered":"https:\/\/plazajuarez.mx\/?p=160019"},"modified":"2021-04-13T17:29:35","modified_gmt":"2021-04-13T22:29:35","slug":"aprueban-reforma-integral-a-la-ley-de-los-derechos-de-adultos-mayores-del-estado-de-hidalgo","status":"publish","type":"post","link":"https:\/\/plazajuarez.mx\/historico\/aprueban-reforma-integral-a-la-ley-de-los-derechos-de-adultos-mayores-del-estado-de-hidalgo\/","title":{"rendered":"Aprueban reforma integral a la Ley de los Derechos de Adultos Mayores del Estado de Hidalgo"},"content":{"rendered":"\n<p>Con la aprobaci\u00f3n de una reforma integral a la Ley de los Derechos de Adultos Mayores del Estado de Hidalgo, los integrantes de la 64 legislatura procurar\u00e1n las&nbsp; fortalecer las acciones del estado y los municipios a ese sector de la poblaci\u00f3n, lo anterior derivado de las propuestas que los diputados y diputadas de diversos partidos pol\u00edticos hicieron en favor de este sector de la poblaci\u00f3n.<\/p>\n\n\n\n<p>Entre los temas que se aboran en la reforma, destaca el fortalecimiento a derechos como: el de la salud y a una alimentaci\u00f3n nutritiva, suficiente y de calidad; a una vida libre de violencia; a la igualdad y no discriminaci\u00f3n por razones de edad; a la libre expresi\u00f3n; a la vida y a la dignidad en la vejez; y el derecho a la educaci\u00f3n y derechos pol\u00edticos.<\/p>\n\n\n\n<p>Tambi\u00e9n queda establecido que el lugar id\u00f3neo para el adulto mayor es su hogar y que s\u00f3lo en caso de prescripci\u00f3n m\u00e9dica, decisi\u00f3n personal o la falta de condiciones propicias para su atenci\u00f3n integral en el seno familiar, su c\u00f3nyuge, concubinario o familiares podr\u00e1n solicitar su ingreso en alguna instituci\u00f3n de asistencia p\u00fablica o privada dedicada al cuidado de los adultos mayores, \u201cprocurando en todo momento la atenci\u00f3n de sus necesidades psicoemocionales a efecto de mantener los lazos familiares y afectivos\u201d.<\/p>\n\n\n\n<p>Por lo que \u201cla familia de las personas adultas mayores, debe velar permanentemente por cada una de ellas, siendo responsable de mantener y preservar su calidad de vida, as\u00ed como proporcionarles los satisfactores necesarios para su cuidado, atenci\u00f3n, bienestar y desarrollo integral\u201d.<\/p>\n\n\n\n<p>Por su parte las instituciones p\u00fablicas y privadas deber\u00e1n contar con personal sensibilizado y capacitado para que puedan brindar mejor servicio y atenci\u00f3n a las personas adultas mayores; incluso, en lo referente al transporte p\u00fablico la ley establece que se deber\u00e1 incentivar a quienes condicionen sus unidades para transportar adultos mayores con alguna discapacidad f\u00edsica.<\/p>\n\n\n\n<p>Otro de los temas cruciales es la promoci\u00f3n de ofertas laborales para este sector de la poblaci\u00f3n, as\u00ed como la creaci\u00f3n de obras p\u00fablicas y programas que tomen en cuenta a los adultos mayores para garantizar su movilidad en la entidad.<\/p>\n","protected":false},"excerpt":{"rendered":"<p>Con la aprobaci\u00f3n de una reforma integral a la Ley de los Derechos de Adultos Mayores del Estado de Hidalgo, los integrantes de la 64 legislatura procurar\u00e1n las&nbsp; fortalecer las acciones del estado y los municipios a ese sector de la poblaci\u00f3n, lo anterior derivado de las propuestas que los diputados y diputadas de diversos [&hellip;]<\/p>\n","protected":false},"author":72,"featured_media":160020,"comment_status":"closed","ping_status":"open","sticky":false,"template":"","format":"standard","meta":{"footnotes":""},"categories":[15,59],"tags":[],"class_list":["post-160019","post","type-post","status-publish","format-standard","has-post-thumbnail","hentry","category-destacadas","category-general"],"_links":{"self":[{"href":"https:\/\/plazajuarez.mx\/historico\/wp-json\/wp\/v2\/posts\/160019","targetHints":{"allow":["GET"]}}],"collection":[{"href":"https:\/\/plazajuarez.mx\/historico\/wp-json\/wp\/v2\/posts"}],"about":[{"href":"https:\/\/plazajuarez.mx\/historico\/wp-json\/wp\/v2\/types\/post"}],"author":[{"embeddable":true,"href":"https:\/\/plazajuarez.mx\/historico\/wp-json\/wp\/v2\/users\/72"}],"replies":[{"embeddable":true,"href":"https:\/\/plazajuarez.mx\/historico\/wp-json\/wp\/v2\/comments?post=160019"}],"version-history":[{"count":0,"href":"https:\/\/plazajuarez.mx\/historico\/wp-json\/wp\/v2\/posts\/160019\/revisions"}],"wp:featuredmedia":[{"embeddable":true,"href":"https:\/\/plazajuarez.mx\/historico\/wp-json\/wp\/v2\/media\/160020"}],"wp:attachment":[{"href":"https:\/\/plazajuarez.mx\/historico\/wp-json\/wp\/v2\/media?parent=160019"}],"wp:term":[{"taxonomy":"category","embeddable":true,"href":"https:\/\/plazajuarez.mx\/historico\/wp-json\/wp\/v2\/categories?post=160019"},{"taxonomy":"post_tag","embeddable":true,"href":"https:\/\/plazajuarez.mx\/historico\/wp-json\/wp\/v2\/tags?post=160019"}],"curies":[{"name":"wp","href":"https:\/\/api.w.org\/{rel}","templated":true}]}}