{"id":1600,"date":"2015-03-01T06:00:00","date_gmt":"2015-03-01T06:00:00","guid":{"rendered":"http:\/\/plazajuarez.mx\/index\/index.php\/2015\/03\/01\/deportes-nacional-3\/"},"modified":"2015-03-01T06:00:00","modified_gmt":"2015-03-01T06:00:00","slug":"deportes-nacional-3","status":"publish","type":"post","link":"https:\/\/plazajuarez.mx\/historico\/deportes-nacional-3\/","title":{"rendered":"Deportes Nacional"},"content":{"rendered":"<p>GOLF<\/p>\n<p><strong>Mar\u00eda Fassi queda eliminada en torneo de Espa\u00f1a<\/strong><\/p>\n<p>  <!--more-->  <\/p>\n<p>\u00a0<\/p>\n<p>Mar\u00eda Fassi termin\u00f3 en el top ocho su participaci\u00f3n en el Campeonato Internacional Espa\u00f1ol Femenil Amateur \u201cCopa de S. M. La Reina\u201d, tras ser eliminada en cuartos de final a manos de la local Mar\u00eda Parra.<\/p>\n<p>\u00a0<\/p>\n<p>La golfista hidalguense aspiraba a su tercer triunfo del a\u00f1o, tras los conseguidos en el Campeonato Nacional de Aficionadas y en la VII Copa Yucat\u00e1n, pero esta ocasi\u00f3n se vio superada por la espa\u00f1ola con cuatro hoyos de ventaja y tres por jugar en el Real Club Pineda de Sevilla, Espa\u00f1a.<\/p>\n<p>\u00a0<\/p>\n<p>Fassi se vio en desventaja desde el arranque, y en las primeras tres banderas estaba abajo por 3 hoyos, por lo que tuvo que luchar contracorriente. Aunque logr\u00f3 ponerse a dos de distancia en el 11, dos birdies consecutivos de Parra dejaron pr\u00e1cticamente sin posibilidades a la mexicana, quien a pesar del descalabro termin\u00f3 entre las mejores ocho del certamen de un field de 99 jugadoras.<\/p>\n<p>\u00a0<\/p>\n<p>La final del certamen la disputar\u00e1n la alemana Olivia Cowan, quien venci\u00f3 3 y 1 a la verdugo de Fassi, la ib\u00e9rica Parra, y la sueca Linnea Strom, que se impuso 3 y 2 a la checa Marie Lunackova.<\/p>\n<p>\u00a0<\/p>\n<p>La seleccionada nacional regresar\u00e1 al Pa\u00eds para seguir prepar\u00e1ndose para enfrentar los compromisos locales y el US Girls y US Women\u2019s Amateur, adem\u00e1s de que es una de las posibilidades para representar a M\u00e9xico en los Juegos Panamericanos Toronto 2015.<\/p>\n<p><strong>\u00a0<\/strong><\/p>\n<p><strong>**<\/strong><\/p>\n<p>TIRO CON ARCO<\/p>\n<p><strong>A\u00edda Rom\u00e1n habla de sus retos para este a\u00f1o<\/strong><\/p>\n<p><strong>\u00a0<\/strong><\/p>\n<p><strong>\u00a0<\/strong><\/p>\n<p>La arquera mexicana A\u00edda Rom\u00e1n se alista en el Centro Nacional de Desarrollo de Talentos Deportivos y Alto Rendimiento (CNAR) para los compromisos nacionales e internacionales que sostendr\u00e1 este 2015, como las copas del mundo y Juegos Panamericanos, eventos que forman parte del segundo ciclo ol\u00edmpico de la medallista capitalina.<\/p>\n<p>\u00a0<\/p>\n<p>Rom\u00e1n Arroyo, quien recientemente fue galardonada por la Federaci\u00f3n Internacional de Tiro con Arco (FITA, por sus siglas en ingl\u00e9s) como la mejor arquera del mundo en 2014, luego de una votaci\u00f3n realizada v\u00eda internet, vive a sus 26 a\u00f1os de edad el ser referente de su disciplina y del deporte mexicano, situaci\u00f3n que la llena de alegr\u00eda y presi\u00f3n a la vez.<\/p>\n<p>\u00a0<\/p>\n<p>\u201cMe siento contenta y con un poco de presi\u00f3n, pero tambi\u00e9n yo buscaba ser la mejor, y si soy quien quiere hacer as\u00ed pues qu\u00e9 bueno, y espero que tambi\u00e9n mis compa\u00f1eros se contagien de ese esp\u00edritu ganador; es una buena generaci\u00f3n en la que me desarrolle tirando, es gente que est\u00e1 dispuesta a hacer su mayor esfuerzo, gente que busca ser parte de los n\u00famero uno en el mundo, as\u00ed que creo es una bonita experiencia con mis compa\u00f1eros\u201d.<\/p>\n<p>\u00a0<\/p>\n<p>La medallista centroamericana y ol\u00edmpica en Londres 2012, a 16 a\u00f1os de haber iniciado en el tiro con arco, recuerda la manera en que lleg\u00f3 a este deporte y las complicaciones que incluso hoy en d\u00eda sigue teniendo.<\/p>\n<p>\u00a0<\/p>\n<p>\u201cFue a ra\u00edz de que mi pap\u00e1 entr\u00f3 a un curso de tiro con arco y le ped\u00ed que me llevara, el hecho de tirar era s\u00faper emocionante, siempre me gust\u00f3 tirar, nunca hab\u00eda visto tiro con arco, y cuando lo vi me encant\u00f3. Lo vi por primera vez en el curso, que fue en el Paral\u00edmpico y a partir de ah\u00ed me dieron m\u00e1s oportunidad, luego de pertenecer a una asociaci\u00f3n y poco a poco con las competencias me fueron envolviendo m\u00e1s en el deporte.<\/p>\n<p><strong>\u00a0<\/strong><\/p>\n<p>\u201cHe encontrado de todo en todos momentos, aun todav\u00eda ganando grandes eventos se siguen teniendo muchas dificultades, muchas de tipo administrativas, otras de tipo econ\u00f3mico porque nosotros no tenemos las posibilidades de darnos un viaje a Europa por cuenta propia, y a partir de que quedas en selecci\u00f3n la misma federaci\u00f3n se hace cargo de los gastos. Detalles como el arco, el equipo es muy caro, al ritmo del alto rendimiento que llevamos nosotros el arco se tiene que estar cambiando cada seis u ocho meses por el desgaste que tiene.<\/p>\n<p><strong>\u00a0<\/strong><\/p>\n<p><strong>\u00a0<\/strong><\/p>\n<p><strong>***<\/strong><\/p>\n<p>BOX<\/p>\n<p><strong>Tirar\u00e1n lana en funci\u00f3n de boxeo<\/strong><\/p>\n<p>\u00a0<\/p>\n<p>\u00a0<\/p>\n<p>Vecinos de Naucalpan, Estado de M\u00e9xico est\u00e1n molestos porque la Direcci\u00f3n del Deporte municipal dar\u00e1 un patrocinio considerable a la funci\u00f3n de boxeo que se presentar\u00e1 el 14 de marzo en ese lugar.<\/p>\n<p>En la pelea estelar se anuncia un combate de veteranas, entre la mexicana Mariana Ju\u00e1rez, de 35 a\u00f1os, y la japonesa Naoko Fujioka, de 39, que viene de perder en su m\u00e1s reciente batalla.<\/p>\n<p>\u201cEn nuestra comunidad vivimos una inseguridad constante por la falta de alumbrado, patrullas y vialidades en buen estado, por eso el grupo de vecinos al cual pertenezco est\u00e1 molesto con el apoyo que se le dar\u00e1 a los promotores de esa funci\u00f3n\u201d, asegur\u00f3 Salvador Hern\u00e1ndez, vecino de la zona.<\/p>\n<p>Aunque en el cartel existen peleas atractivas, los inconformes se\u00f1alan que una funci\u00f3n de boxeo no dejar\u00e1 nada bueno al municipio y que derrochar\u00e1n el dinero con el pretexto de \u201cfomentar el deporte, s\u00f3lo para aparecer en la foto\u201d.<\/p>\n<p>\u00a0<\/p>\n<p>DUELO DISPAREJO. En el combate semifinal de la cartelera, Luis Ceja expondr\u00e1 el faj\u00edn plata gallo ante \u00d3scar Blanquet.<\/p>\n<p>El retador suma cinco derrotas en fila y lo m\u00e1s que ha peleado es en peso supermosca, as\u00ed que pelear en gallo se antoja complicado ante un rival fuerte que podr\u00eda lastimarlo.<\/p>\n","protected":false},"excerpt":{"rendered":"<p>GOLF Mar\u00eda Fassi queda eliminada en torneo de Espa\u00f1a<\/p>\n","protected":false},"author":93,"featured_media":0,"comment_status":"open","ping_status":"open","sticky":false,"template":"","format":"standard","meta":{"footnotes":""},"categories":[39],"tags":[],"class_list":["post-1600","post","type-post","status-publish","format-standard","hentry","category-deportiva"],"_links":{"self":[{"href":"https:\/\/plazajuarez.mx\/historico\/wp-json\/wp\/v2\/posts\/1600","targetHints":{"allow":["GET"]}}],"collection":[{"href":"https:\/\/plazajuarez.mx\/historico\/wp-json\/wp\/v2\/posts"}],"about":[{"href":"https:\/\/plazajuarez.mx\/historico\/wp-json\/wp\/v2\/types\/post"}],"author":[{"embeddable":true,"href":"https:\/\/plazajuarez.mx\/historico\/wp-json\/wp\/v2\/users\/93"}],"replies":[{"embeddable":true,"href":"https:\/\/plazajuarez.mx\/historico\/wp-json\/wp\/v2\/comments?post=1600"}],"version-history":[{"count":0,"href":"https:\/\/plazajuarez.mx\/historico\/wp-json\/wp\/v2\/posts\/1600\/revisions"}],"wp:attachment":[{"href":"https:\/\/plazajuarez.mx\/historico\/wp-json\/wp\/v2\/media?parent=1600"}],"wp:term":[{"taxonomy":"category","embeddable":true,"href":"https:\/\/plazajuarez.mx\/historico\/wp-json\/wp\/v2\/categories?post=1600"},{"taxonomy":"post_tag","embeddable":true,"href":"https:\/\/plazajuarez.mx\/historico\/wp-json\/wp\/v2\/tags?post=1600"}],"curies":[{"name":"wp","href":"https:\/\/api.w.org\/{rel}","templated":true}]}}